{"id":7786,"date":"2022-08-31T07:04:43","date_gmt":"2022-08-31T07:04:43","guid":{"rendered":"https:\/\/va361.com\/?p=7786"},"modified":"2023-04-18T07:36:22","modified_gmt":"2023-04-18T07:36:22","slug":"coches-net-madrid","status":"publish","type":"post","link":"https:\/\/va361.com\/en\/blog\/coches-net-madrid\/","title":{"rendered":"COCHES.NET \u2013 MADRID"},"content":{"rendered":"<div data-elementor-type=\"wp-post\" data-elementor-id=\"7786\" class=\"elementor elementor-7786\" data-elementor-post-type=\"post\">\n\t\t\t\t\t\t<section class=\"elementor-section elementor-top-section elementor-element elementor-element-89f0b23 elementor-section-stretched elementor-section-full_width elementor-section-height-min-height elementor-section-height-default elementor-section-items-middle\" data-id=\"89f0b23\" data-element_type=\"section\" data-e-type=\"section\" data-settings=\"{&quot;stretch_section&quot;:&quot;section-stretched&quot;}\">\n\t\t\t\t\t\t<div class=\"elementor-container elementor-column-gap-no\">\n\t\t\t\t\t<div class=\"elementor-column elementor-col-100 elementor-top-column elementor-element elementor-element-b0aa7ea\" data-id=\"b0aa7ea\" data-element_type=\"column\" data-e-type=\"column\">\n\t\t\t<div class=\"elementor-widget-wrap elementor-element-populated\">\n\t\t\t\t\t\t<div class=\"elementor-element elementor-element-ce19d5e elementor--h-position-center elementor--v-position-middle elementor-arrows-position-inside elementor-widget elementor-widget-slides\" data-id=\"ce19d5e\" data-element_type=\"widget\" data-e-type=\"widget\" data-settings=\"{&quot;navigation&quot;:&quot;arrows&quot;,&quot;transition&quot;:&quot;fade&quot;,&quot;autoplay&quot;:&quot;yes&quot;,&quot;pause_on_hover&quot;:&quot;yes&quot;,&quot;pause_on_interaction&quot;:&quot;yes&quot;,&quot;autoplay_speed&quot;:5000,&quot;infinite&quot;:&quot;yes&quot;,&quot;transition_speed&quot;:500}\" data-widget_type=\"slides.default\">\n\t\t\t\t<div class=\"elementor-widget-container\">\n\t\t\t\t\t\t\t\t\t<div class=\"elementor-swiper\">\n\t\t\t\t\t<div class=\"elementor-slides-wrapper elementor-main-swiper swiper\" role=\"region\" aria-roledescription=\"carousel\" aria-label=\"Slides\" dir=\"ltr\" data-animation=\"fadeInUp\">\n\t\t\t\t<div class=\"swiper-wrapper elementor-slides\">\n\t\t\t\t\t\t\t\t\t\t<div class=\"elementor-repeater-item-a72e0ee swiper-slide\" role=\"group\" aria-roledescription=\"slide\"><div class=\"swiper-slide-bg\" role=\"img\" aria-label=\"Corporate event of the brand coches.net in Madrid\"><\/div><div class=\"swiper-slide-inner\" ><div class=\"swiper-slide-contents\"><\/div><\/div><\/div><div class=\"elementor-repeater-item-4d600f6 swiper-slide\" role=\"group\" aria-roledescription=\"slide\"><div class=\"swiper-slide-bg\" role=\"img\" aria-label=\"Corporate event of the brand coches.net in Madrid\"><\/div><div class=\"swiper-slide-inner\" ><div class=\"swiper-slide-contents\"><\/div><\/div><\/div><div class=\"elementor-repeater-item-e5052df swiper-slide\" role=\"group\" aria-roledescription=\"slide\"><div class=\"swiper-slide-bg\" role=\"img\" aria-label=\"Corporate event of the brand coches.net in Madrid\"><\/div><div class=\"swiper-slide-inner\" ><div class=\"swiper-slide-contents\"><\/div><\/div><\/div>\t\t\t\t<\/div>\n\t\t\t\t\t\t\t\t\t\t\t\t\t\t\t<div class=\"elementor-swiper-button elementor-swiper-button-prev\" role=\"button\" tabindex=\"0\" aria-label=\"Previous slide\">\n\t\t\t\t\t\t\t<i aria-hidden=\"true\" class=\"eicon-chevron-left\"><\/i>\t\t\t\t\t\t<\/div>\n\t\t\t\t\t\t<div class=\"elementor-swiper-button elementor-swiper-button-next\" role=\"button\" tabindex=\"0\" aria-label=\"Next slide\">\n\t\t\t\t\t\t\t<i aria-hidden=\"true\" class=\"eicon-chevron-right\"><\/i>\t\t\t\t\t\t<\/div>\n\t\t\t\t\t\t\t\t\t\t\t\t\t\t\t\t\t<\/div>\n\t\t\t\t<\/div>\n\t\t\t\t\t\t\t\t<\/div>\n\t\t\t\t<\/div>\n\t\t\t\t\t<\/div>\n\t\t<\/div>\n\t\t\t\t\t<\/div>\n\t\t<\/section>\n\t\t\t\t<section class=\"elementor-section elementor-top-section elementor-element elementor-element-e619b12 elementor-section-full_width elementor-section-stretched elementor-section-height-default elementor-section-height-default\" data-id=\"e619b12\" data-element_type=\"section\" data-e-type=\"section\" data-settings=\"{&quot;stretch_section&quot;:&quot;section-stretched&quot;,&quot;background_background&quot;:&quot;classic&quot;}\">\n\t\t\t\t\t\t<div class=\"elementor-container elementor-column-gap-default\">\n\t\t\t\t\t<div class=\"elementor-column elementor-col-50 elementor-top-column elementor-element elementor-element-e4188e3\" data-id=\"e4188e3\" data-element_type=\"column\" data-e-type=\"column\" data-settings=\"{&quot;background_background&quot;:&quot;classic&quot;}\">\n\t\t\t<div class=\"elementor-widget-wrap elementor-element-populated\">\n\t\t\t\t\t\t<div class=\"elementor-element elementor-element-3bf1da7 elementor-widget elementor-widget-heading\" data-id=\"3bf1da7\" data-element_type=\"widget\" data-e-type=\"widget\" data-widget_type=\"heading.default\">\n\t\t\t\t<div class=\"elementor-widget-container\">\n\t\t\t\t\t<h2 class=\"elementor-heading-title elementor-size-default\">COCHES.NET<\/h2>\t\t\t\t<\/div>\n\t\t\t\t<\/div>\n\t\t\t\t<div class=\"elementor-element elementor-element-cc19d42 elementor-widget elementor-widget-text-editor\" data-id=\"cc19d42\" data-element_type=\"widget\" data-e-type=\"widget\" data-widget_type=\"text-editor.default\">\n\t\t\t\t<div class=\"elementor-widget-container\">\n\t\t\t\t\t\t\t\t\t<p>The Hip\u00f3dromo de la Zarzuela, located in the city of Madrid, was the place chosen by the brand. <strong>coches.net for its awards ceremony<\/strong>. During this event,<strong> more than 300 people<\/strong> gathered, enjoying a pleasant day.<\/p><p>At VA 361 Productions, we took care of all the technical audiovisual production, as well as the different branding elements. Thanks to the teamwork carried out, the final result was unbeatable, making the attendees live the experience of the event. <strong>unique emotions at this awards gala.<\/strong><\/p><p><strong>Solutions:<\/strong> Integral audiovisual production, including: lighting, sound, video, decoration, branding, etc.<\/p>\t\t\t\t\t\t\t\t<\/div>\n\t\t\t\t<\/div>\n\t\t\t\t\t<\/div>\n\t\t<\/div>\n\t\t\t\t<div class=\"elementor-column elementor-col-50 elementor-top-column elementor-element elementor-element-fa03601\" data-id=\"fa03601\" data-element_type=\"column\" data-e-type=\"column\" data-settings=\"{&quot;background_background&quot;:&quot;classic&quot;}\">\n\t\t\t<div class=\"elementor-widget-wrap elementor-element-populated\">\n\t\t\t\t\t\t\t<\/div>\n\t\t<\/div>\n\t\t\t\t\t<\/div>\n\t\t<\/section>\n\t\t\t\t<section class=\"elementor-section elementor-top-section elementor-element elementor-element-efe427c elementor-section-stretched elementor-section-full_width elementor-section-height-default elementor-section-height-default\" data-id=\"efe427c\" data-element_type=\"section\" data-e-type=\"section\" data-settings=\"{&quot;stretch_section&quot;:&quot;section-stretched&quot;}\">\n\t\t\t\t\t\t<div class=\"elementor-container elementor-column-gap-default\">\n\t\t\t\t\t<div class=\"elementor-column elementor-col-100 elementor-top-column elementor-element elementor-element-05d051b\" data-id=\"05d051b\" data-element_type=\"column\" data-e-type=\"column\">\n\t\t\t<div class=\"elementor-widget-wrap elementor-element-populated\">\n\t\t\t\t\t\t<div class=\"elementor-element elementor-element-8bb142c elementor-widget elementor-widget-text-editor\" data-id=\"8bb142c\" data-element_type=\"widget\" data-e-type=\"widget\" data-widget_type=\"text-editor.default\">\n\t\t\t\t<div class=\"elementor-widget-container\">\n\t\t\t\t\t\t\t\t\t\t\t<div data-elementor-type=\"section\" data-elementor-id=\"2707\" class=\"elementor elementor-2707\" data-elementor-post-type=\"elementor_library\">\n\t\t\t\t\t<section class=\"elementor-section elementor-top-section elementor-element elementor-element-174c0d3 elementor-section-stretched elementor-section-full_width elementor-section-height-default elementor-section-height-default\" data-id=\"174c0d3\" data-element_type=\"section\" data-e-type=\"section\" data-settings=\"{&quot;stretch_section&quot;:&quot;section-stretched&quot;}\">\n\t\t\t\t\t\t<div class=\"elementor-container elementor-column-gap-default\">\n\t\t\t\t\t<div class=\"elementor-column elementor-col-100 elementor-top-column elementor-element elementor-element-3ba5458\" data-id=\"3ba5458\" data-element_type=\"column\" data-e-type=\"column\">\n\t\t\t<div class=\"elementor-widget-wrap elementor-element-populated\">\n\t\t\t\t\t\t<div class=\"elementor-element elementor-element-1bcfa66 elementor-grid-5 elementor-grid-tablet-2 elementor-grid-mobile-1 elementor-posts--thumbnail-top elementor-card-shadow-yes elementor-posts__hover-gradient elementor-widget elementor-widget-posts\" data-id=\"1bcfa66\" data-element_type=\"widget\" data-e-type=\"widget\" data-settings=\"{&quot;cards_columns&quot;:&quot;5&quot;,&quot;cards_columns_tablet&quot;:&quot;2&quot;,&quot;cards_columns_mobile&quot;:&quot;1&quot;,&quot;cards_row_gap&quot;:{&quot;unit&quot;:&quot;px&quot;,&quot;size&quot;:35,&quot;sizes&quot;:[]},&quot;cards_row_gap_tablet&quot;:{&quot;unit&quot;:&quot;px&quot;,&quot;size&quot;:&quot;&quot;,&quot;sizes&quot;:[]},&quot;cards_row_gap_mobile&quot;:{&quot;unit&quot;:&quot;px&quot;,&quot;size&quot;:&quot;&quot;,&quot;sizes&quot;:[]}}\" data-widget_type=\"posts.cards\">\n\t\t\t\t<div class=\"elementor-widget-container\">\n\t\t\t\t\t\t\t<div class=\"elementor-posts-container elementor-posts elementor-posts--skin-cards elementor-grid\" role=\"list\">\n\t\t\t\t<article class=\"elementor-post elementor-grid-item post-9764 post type-post status-publish format-standard has-post-thumbnail hentry category-portafolio\" role=\"listitem\">\n\t\t\t<div class=\"elementor-post__card\">\n\t\t\t\t<a class=\"elementor-post__thumbnail__link\" href=\"https:\/\/va361.com\/en\/blog\/sportspro-ott-madrid\/\" tabindex=\"-1\" ><div class=\"elementor-post__thumbnail\"><img fetchpriority=\"high\" decoding=\"async\" width=\"300\" height=\"225\" src=\"https:\/\/va361.com\/wp-content\/uploads\/Evento-Ott-Sportspro-en-Madrid-8-300x225.jpeg\" class=\"attachment-medium size-medium wp-image-9772\" alt=\"Ott Sportspro event in Madrid (8)\" srcset=\"https:\/\/va361.com\/wp-content\/uploads\/Evento-Ott-Sportspro-en-Madrid-8-300x225.jpeg 300w, https:\/\/va361.com\/wp-content\/uploads\/Evento-Ott-Sportspro-en-Madrid-8-1024x768.jpeg 1024w, https:\/\/va361.com\/wp-content\/uploads\/Evento-Ott-Sportspro-en-Madrid-8-768x576.jpeg 768w, https:\/\/va361.com\/wp-content\/uploads\/Evento-Ott-Sportspro-en-Madrid-8-1536x1152.jpeg 1536w, https:\/\/va361.com\/wp-content\/uploads\/Evento-Ott-Sportspro-en-Madrid-8-16x12.jpeg 16w, https:\/\/va361.com\/wp-content\/uploads\/Evento-Ott-Sportspro-en-Madrid-8.jpeg 2000w\" sizes=\"(max-width: 300px) 100vw, 300px\" \/><\/div><\/a>\n\t\t\t\t<div class=\"elementor-post__text\">\n\t\t\t\t<p class=\"elementor-post__title\">\n\t\t\t<a href=\"https:\/\/va361.com\/en\/blog\/sportspro-ott-madrid\/\" >\n\t\t\t\tSPORTSPRO OTT - MADRID\t\t\t<\/a>\n\t\t<\/p>\n\t\t\t\t<\/div>\n\t\t\t\t\t<\/div>\n\t\t<\/article>\n\t\t\t\t<article class=\"elementor-post elementor-grid-item post-5918 post type-post status-publish format-standard has-post-thumbnail hentry category-portafolio\" role=\"listitem\">\n\t\t\t<div class=\"elementor-post__card\">\n\t\t\t\t<a class=\"elementor-post__thumbnail__link\" href=\"https:\/\/va361.com\/en\/blog\/lexus-madrid\/\" tabindex=\"-1\" ><div class=\"elementor-post__thumbnail\"><img decoding=\"async\" width=\"300\" height=\"200\" data-src=\"https:\/\/va361.com\/wp-content\/uploads\/Presentacion-del-nuevo-modelo-de-Lexus-en-Madrid-VA-361-Productions-4-300x200.jpg\" class=\"attachment-medium size-medium wp-image-5922 lazyload\" alt=\"Presentation of the new Lexus model in Madrid VA 361 Productions\" data-srcset=\"https:\/\/va361.com\/wp-content\/uploads\/Presentacion-del-nuevo-modelo-de-Lexus-en-Madrid-VA-361-Productions-4-300x200.jpg 300w, https:\/\/va361.com\/wp-content\/uploads\/Presentacion-del-nuevo-modelo-de-Lexus-en-Madrid-VA-361-Productions-4-768x512.jpg 768w, https:\/\/va361.com\/wp-content\/uploads\/Presentacion-del-nuevo-modelo-de-Lexus-en-Madrid-VA-361-Productions-4-18x12.jpg 18w, https:\/\/va361.com\/wp-content\/uploads\/Presentacion-del-nuevo-modelo-de-Lexus-en-Madrid-VA-361-Productions-4.jpg 900w\" data-sizes=\"(max-width: 300px) 100vw, 300px\" src=\"data:image\/svg+xml;base64,PHN2ZyB3aWR0aD0iMSIgaGVpZ2h0PSIxIiB4bWxucz0iaHR0cDovL3d3dy53My5vcmcvMjAwMC9zdmciPjwvc3ZnPg==\" style=\"--smush-placeholder-width: 300px; --smush-placeholder-aspect-ratio: 300\/200;\" \/><\/div><\/a>\n\t\t\t\t<div class=\"elementor-post__text\">\n\t\t\t\t<p class=\"elementor-post__title\">\n\t\t\t<a href=\"https:\/\/va361.com\/en\/blog\/lexus-madrid\/\" >\n\t\t\t\tLEXUS \u2013 MADRID\t\t\t<\/a>\n\t\t<\/p>\n\t\t\t\t<\/div>\n\t\t\t\t\t<\/div>\n\t\t<\/article>\n\t\t\t\t<article class=\"elementor-post elementor-grid-item post-2646 post type-post status-publish format-standard has-post-thumbnail hentry category-portafolio\" role=\"listitem\">\n\t\t\t<div class=\"elementor-post__card\">\n\t\t\t\t<a class=\"elementor-post__thumbnail__link\" href=\"https:\/\/va361.com\/en\/blog\/mc-saatchi-saatchi-madrid\/\" tabindex=\"-1\" ><div class=\"elementor-post__thumbnail\"><img decoding=\"async\" width=\"300\" height=\"169\" data-src=\"https:\/\/va361.com\/wp-content\/uploads\/1926058_10152940051817938_3542954298273745566_o-960x540-1-300x169.jpg\" class=\"attachment-medium size-medium wp-image-2669 lazyload\" alt=\"\" data-srcset=\"https:\/\/va361.com\/wp-content\/uploads\/1926058_10152940051817938_3542954298273745566_o-960x540-1-300x169.jpg 300w, https:\/\/va361.com\/wp-content\/uploads\/1926058_10152940051817938_3542954298273745566_o-960x540-1-768x432.jpg 768w, https:\/\/va361.com\/wp-content\/uploads\/1926058_10152940051817938_3542954298273745566_o-960x540-1.jpg 960w\" data-sizes=\"(max-width: 300px) 100vw, 300px\" src=\"data:image\/svg+xml;base64,PHN2ZyB3aWR0aD0iMSIgaGVpZ2h0PSIxIiB4bWxucz0iaHR0cDovL3d3dy53My5vcmcvMjAwMC9zdmciPjwvc3ZnPg==\" style=\"--smush-placeholder-width: 300px; --smush-placeholder-aspect-ratio: 300\/169;\" \/><\/div><\/a>\n\t\t\t\t<div class=\"elementor-post__text\">\n\t\t\t\t<p class=\"elementor-post__title\">\n\t\t\t<a href=\"https:\/\/va361.com\/en\/blog\/mc-saatchi-saatchi-madrid\/\" >\n\t\t\t\tM&amp;C SAATCHI SAATCHI - MADRID\t\t\t<\/a>\n\t\t<\/p>\n\t\t\t\t<\/div>\n\t\t\t\t\t<\/div>\n\t\t<\/article>\n\t\t\t\t<article class=\"elementor-post elementor-grid-item post-9302 post type-post status-publish format-standard has-post-thumbnail hentry category-portafolio\" role=\"listitem\">\n\t\t\t<div class=\"elementor-post__card\">\n\t\t\t\t<a class=\"elementor-post__thumbnail__link\" href=\"https:\/\/va361.com\/en\/blog\/gea-spain\/\" tabindex=\"-1\" ><div class=\"elementor-post__thumbnail\"><img decoding=\"async\" width=\"300\" height=\"169\" data-src=\"https:\/\/va361.com\/wp-content\/uploads\/5-Evento-corporativo-de-GEA-en-el-hotel-Higueron-de-Malaga-300x169.jpg\" class=\"attachment-medium size-medium wp-image-9307 lazyload\" alt=\"GEA corporate event at the Higuer\u00f3n Hotel in Malaga.\" data-srcset=\"https:\/\/va361.com\/wp-content\/uploads\/5-Evento-corporativo-de-GEA-en-el-hotel-Higueron-de-Malaga-300x169.jpg 300w, https:\/\/va361.com\/wp-content\/uploads\/5-Evento-corporativo-de-GEA-en-el-hotel-Higueron-de-Malaga-1024x576.jpg 1024w, https:\/\/va361.com\/wp-content\/uploads\/5-Evento-corporativo-de-GEA-en-el-hotel-Higueron-de-Malaga-768x432.jpg 768w, https:\/\/va361.com\/wp-content\/uploads\/5-Evento-corporativo-de-GEA-en-el-hotel-Higueron-de-Malaga-1536x864.jpg 1536w, https:\/\/va361.com\/wp-content\/uploads\/5-Evento-corporativo-de-GEA-en-el-hotel-Higueron-de-Malaga-2048x1152.jpg 2048w, https:\/\/va361.com\/wp-content\/uploads\/5-Evento-corporativo-de-GEA-en-el-hotel-Higueron-de-Malaga-18x10.jpg 18w\" data-sizes=\"(max-width: 300px) 100vw, 300px\" src=\"data:image\/svg+xml;base64,PHN2ZyB3aWR0aD0iMSIgaGVpZ2h0PSIxIiB4bWxucz0iaHR0cDovL3d3dy53My5vcmcvMjAwMC9zdmciPjwvc3ZnPg==\" style=\"--smush-placeholder-width: 300px; --smush-placeholder-aspect-ratio: 300\/169;\" \/><\/div><\/a>\n\t\t\t\t<div class=\"elementor-post__text\">\n\t\t\t\t<p class=\"elementor-post__title\">\n\t\t\t<a href=\"https:\/\/va361.com\/en\/blog\/gea-spain\/\" >\n\t\t\t\tGEA \u2013 SPAIN\t\t\t<\/a>\n\t\t<\/p>\n\t\t\t\t<\/div>\n\t\t\t\t\t<\/div>\n\t\t<\/article>\n\t\t\t\t<article class=\"elementor-post elementor-grid-item post-13536 post type-post status-publish format-standard has-post-thumbnail hentry category-portafolio\" role=\"listitem\">\n\t\t\t<div class=\"elementor-post__card\">\n\t\t\t\t<a class=\"elementor-post__thumbnail__link\" href=\"https:\/\/va361.com\/en\/blog\/woocommerce-malaga\/\" tabindex=\"-1\" ><div class=\"elementor-post__thumbnail\"><img decoding=\"async\" width=\"300\" height=\"135\" data-src=\"https:\/\/va361.com\/wp-content\/uploads\/Evento-corporativo-de-WooCommerce-en-el-Hotel-Higueron-Malaga-2-300x135.jpeg\" class=\"attachment-medium size-medium wp-image-13537 lazyload\" alt=\"WooCommerce corporate event at Hotel Higueron, Malaga\" data-srcset=\"https:\/\/va361.com\/wp-content\/uploads\/\/Evento-corporativo-de-WooCommerce-en-el-Hotel-Higueron-Malaga-2-300x135.jpeg 300w, https:\/\/va361.com\/wp-content\/uploads\/\/Evento-corporativo-de-WooCommerce-en-el-Hotel-Higueron-Malaga-2-1024x461.jpeg 1024w, https:\/\/va361.com\/wp-content\/uploads\/\/Evento-corporativo-de-WooCommerce-en-el-Hotel-Higueron-Malaga-2-768x346.jpeg 768w, https:\/\/va361.com\/wp-content\/uploads\/\/Evento-corporativo-de-WooCommerce-en-el-Hotel-Higueron-Malaga-2-1536x691.jpeg 1536w, https:\/\/va361.com\/wp-content\/uploads\/\/Evento-corporativo-de-WooCommerce-en-el-Hotel-Higueron-Malaga-2-18x8.jpeg 18w, https:\/\/va361.com\/wp-content\/uploads\/\/Evento-corporativo-de-WooCommerce-en-el-Hotel-Higueron-Malaga-2.jpeg 1600w\" data-sizes=\"(max-width: 300px) 100vw, 300px\" src=\"data:image\/svg+xml;base64,PHN2ZyB3aWR0aD0iMSIgaGVpZ2h0PSIxIiB4bWxucz0iaHR0cDovL3d3dy53My5vcmcvMjAwMC9zdmciPjwvc3ZnPg==\" style=\"--smush-placeholder-width: 300px; --smush-placeholder-aspect-ratio: 300\/135;\" \/><\/div><\/a>\n\t\t\t\t<div class=\"elementor-post__text\">\n\t\t\t\t<p class=\"elementor-post__title\">\n\t\t\t<a href=\"https:\/\/va361.com\/en\/blog\/woocommerce-malaga\/\" >\n\t\t\t\tWOOCOMMERCE - MALAGA\t\t\t<\/a>\n\t\t<\/p>\n\t\t\t\t<\/div>\n\t\t\t\t\t<\/div>\n\t\t<\/article>\n\t\t\t\t<\/div>\n\t\t\n\t\t\t\t\t\t<\/div>\n\t\t\t\t<\/div>\n\t\t\t\t\t<\/div>\n\t\t<\/div>\n\t\t\t\t\t<\/div>\n\t\t<\/section>\n\t\t\t\t<\/div>\n\t\t\t\t\t\t\t\t\t\t<\/div>\n\t\t\t\t<\/div>\n\t\t\t\t\t<\/div>\n\t\t<\/div>\n\t\t\t\t\t<\/div>\n\t\t<\/section>\n\t\t\t\t<\/div>","protected":false},"excerpt":{"rendered":"<p>Anterior Siguiente COCHES.NET El Hip\u00f3dromo de la Zarzuela, situado en la ciudad de Madrid,\u00a0 fue el lugar escogido por la marca coches.net para su entrega<\/p>","protected":false},"author":4,"featured_media":7791,"comment_status":"open","ping_status":"open","sticky":false,"template":"elementor_header_footer","format":"standard","meta":{"_monsterinsights_skip_tracking":false,"_monsterinsights_sitenote_active":false,"_monsterinsights_sitenote_note":"","_monsterinsights_sitenote_category":0,"site-sidebar-layout":"no-sidebar","site-content-layout":"default","ast-global-header-display":"","ast-main-header-display":"","ast-hfb-above-header-display":"","ast-hfb-below-header-display":"","ast-hfb-mobile-header-display":"","site-post-title":"disabled","ast-breadcrumbs-content":"","ast-featured-img":"disabled","footer-sml-layout":"","theme-transparent-header-meta":"default","adv-header-id-meta":"","stick-header-meta":"default","header-above-stick-meta":"","header-main-stick-meta":"","header-below-stick-meta":"","footnotes":""},"categories":[8],"tags":[],"class_list":["post-7786","post","type-post","status-publish","format-standard","has-post-thumbnail","hentry","category-portafolio"],"yoast_head":"<!-- This site is optimized with the Yoast SEO plugin v28.3 - https:\/\/yoast.com\/product\/yoast-seo-wordpress\/ -->\n<title>Producci\u00f3n Audiovisual del evento coches.net en Madrid<\/title>\n<meta name=\"description\" content=\"La empresa VA 361 Productions fue la compa\u00f1\u00eda elegida para llevar a cabo la producci\u00f3n audiovisual del evento Coches.net en Madrid.\" \/>\n<meta name=\"robots\" content=\"index, follow, max-snippet:-1, max-image-preview:large, max-video-preview:-1\" \/>\n<link rel=\"canonical\" href=\"https:\/\/va361.com\/en\/blog\/coches-net-madrid\/\" \/>\n<meta property=\"og:locale\" content=\"en_GB\" \/>\n<meta property=\"og:type\" content=\"article\" \/>\n<meta property=\"og:title\" content=\"Producci\u00f3n Audiovisual del evento coches.net en Madrid\" \/>\n<meta property=\"og:description\" content=\"La empresa VA 361 Productions fue la compa\u00f1\u00eda elegida para llevar a cabo la producci\u00f3n audiovisual del evento Coches.net en Madrid.\" \/>\n<meta property=\"og:url\" content=\"https:\/\/va361.com\/en\/blog\/coches-net-madrid\/\" \/>\n<meta property=\"og:site_name\" content=\"VA 361 Productions\" \/>\n<meta property=\"article:published_time\" content=\"2022-08-31T07:04:43+00:00\" \/>\n<meta property=\"article:modified_time\" content=\"2023-04-18T07:36:22+00:00\" \/>\n<meta property=\"og:image\" content=\"https:\/\/va361.com\/wp-content\/uploads\/Evento-corporativo-de-la-marca-coches.net-en-Madrid-5.jpg\" \/>\n\t<meta property=\"og:image:width\" content=\"960\" \/>\n\t<meta property=\"og:image:height\" content=\"720\" \/>\n\t<meta property=\"og:image:type\" content=\"image\/jpeg\" \/>\n<meta name=\"author\" content=\"Dani VA361\" \/>\n<meta name=\"twitter:card\" content=\"summary_large_image\" \/>\n<meta name=\"twitter:label1\" content=\"Written by\" \/>\n\t<meta name=\"twitter:data1\" content=\"Dani VA361\" \/>\n\t<meta name=\"twitter:label2\" content=\"Estimated reading time\" \/>\n\t<meta name=\"twitter:data2\" content=\"1 minute\" \/>\n<script type=\"application\/ld+json\" class=\"yoast-schema-graph\">{\"@context\":\"https:\\\/\\\/schema.org\",\"@graph\":[{\"@type\":\"Article\",\"@id\":\"https:\\\/\\\/va361.com\\\/blog\\\/coches-net-madrid\\\/#article\",\"isPartOf\":{\"@id\":\"https:\\\/\\\/va361.com\\\/blog\\\/coches-net-madrid\\\/\"},\"author\":{\"name\":\"Dani VA361\",\"@id\":\"https:\\\/\\\/va361.com\\\/#\\\/schema\\\/person\\\/5be700e7e4fdfcabbe36ce92f935845e\"},\"headline\":\"COCHES.NET &#8211; MADRID\",\"datePublished\":\"2022-08-31T07:04:43+00:00\",\"dateModified\":\"2023-04-18T07:36:22+00:00\",\"mainEntityOfPage\":{\"@id\":\"https:\\\/\\\/va361.com\\\/blog\\\/coches-net-madrid\\\/\"},\"wordCount\":109,\"commentCount\":2,\"publisher\":{\"@id\":\"https:\\\/\\\/va361.com\\\/#organization\"},\"image\":{\"@id\":\"https:\\\/\\\/va361.com\\\/blog\\\/coches-net-madrid\\\/#primaryimage\"},\"thumbnailUrl\":\"https:\\\/\\\/va361.com\\\/wp-content\\\/uploads\\\/Evento-corporativo-de-la-marca-coches.net-en-Madrid-5.jpg\",\"articleSection\":[\"portafolio\"],\"inLanguage\":\"en-GB\",\"potentialAction\":[{\"@type\":\"CommentAction\",\"name\":\"Comment\",\"target\":[\"https:\\\/\\\/va361.com\\\/blog\\\/coches-net-madrid\\\/#respond\"]}]},{\"@type\":\"WebPage\",\"@id\":\"https:\\\/\\\/va361.com\\\/blog\\\/coches-net-madrid\\\/\",\"url\":\"https:\\\/\\\/va361.com\\\/blog\\\/coches-net-madrid\\\/\",\"name\":\"Producci\u00f3n Audiovisual del evento coches.net en Madrid\",\"isPartOf\":{\"@id\":\"https:\\\/\\\/va361.com\\\/#website\"},\"primaryImageOfPage\":{\"@id\":\"https:\\\/\\\/va361.com\\\/blog\\\/coches-net-madrid\\\/#primaryimage\"},\"image\":{\"@id\":\"https:\\\/\\\/va361.com\\\/blog\\\/coches-net-madrid\\\/#primaryimage\"},\"thumbnailUrl\":\"https:\\\/\\\/va361.com\\\/wp-content\\\/uploads\\\/Evento-corporativo-de-la-marca-coches.net-en-Madrid-5.jpg\",\"datePublished\":\"2022-08-31T07:04:43+00:00\",\"dateModified\":\"2023-04-18T07:36:22+00:00\",\"description\":\"La empresa VA 361 Productions fue la compa\u00f1\u00eda elegida para llevar a cabo la producci\u00f3n audiovisual del evento Coches.net en Madrid.\",\"breadcrumb\":{\"@id\":\"https:\\\/\\\/va361.com\\\/blog\\\/coches-net-madrid\\\/#breadcrumb\"},\"inLanguage\":\"en-GB\",\"potentialAction\":[{\"@type\":\"ReadAction\",\"target\":[\"https:\\\/\\\/va361.com\\\/blog\\\/coches-net-madrid\\\/\"]}]},{\"@type\":\"ImageObject\",\"inLanguage\":\"en-GB\",\"@id\":\"https:\\\/\\\/va361.com\\\/blog\\\/coches-net-madrid\\\/#primaryimage\",\"url\":\"https:\\\/\\\/va361.com\\\/wp-content\\\/uploads\\\/Evento-corporativo-de-la-marca-coches.net-en-Madrid-5.jpg\",\"contentUrl\":\"https:\\\/\\\/va361.com\\\/wp-content\\\/uploads\\\/Evento-corporativo-de-la-marca-coches.net-en-Madrid-5.jpg\",\"width\":960,\"height\":720,\"caption\":\"Evento corporativo de la marca coches.net en Madrid\"},{\"@type\":\"BreadcrumbList\",\"@id\":\"https:\\\/\\\/va361.com\\\/blog\\\/coches-net-madrid\\\/#breadcrumb\",\"itemListElement\":[{\"@type\":\"ListItem\",\"position\":1,\"name\":\"Portada\",\"item\":\"https:\\\/\\\/va361.com\\\/\"},{\"@type\":\"ListItem\",\"position\":2,\"name\":\"COCHES.NET &#8211; MADRID\"}]},{\"@type\":\"WebSite\",\"@id\":\"https:\\\/\\\/va361.com\\\/#website\",\"url\":\"https:\\\/\\\/va361.com\\\/\",\"name\":\"VA 361 Productions\",\"description\":\"Producci\u00f3n audiovisual para eventos\",\"publisher\":{\"@id\":\"https:\\\/\\\/va361.com\\\/#organization\"},\"potentialAction\":[{\"@type\":\"SearchAction\",\"target\":{\"@type\":\"EntryPoint\",\"urlTemplate\":\"https:\\\/\\\/va361.com\\\/?s={search_term_string}\"},\"query-input\":{\"@type\":\"PropertyValueSpecification\",\"valueRequired\":true,\"valueName\":\"search_term_string\"}}],\"inLanguage\":\"en-GB\"},{\"@type\":\"Organization\",\"@id\":\"https:\\\/\\\/va361.com\\\/#organization\",\"name\":\"VA 361 Productions\",\"alternateName\":\"VA361\",\"url\":\"https:\\\/\\\/va361.com\\\/\",\"logo\":{\"@type\":\"ImageObject\",\"inLanguage\":\"en-GB\",\"@id\":\"https:\\\/\\\/va361.com\\\/#\\\/schema\\\/logo\\\/image\\\/\",\"url\":\"https:\\\/\\\/va361.com\\\/wp-content\\\/uploads\\\/cropped-logo-horizontal.png\",\"contentUrl\":\"https:\\\/\\\/va361.com\\\/wp-content\\\/uploads\\\/cropped-logo-horizontal.png\",\"width\":400,\"height\":60,\"caption\":\"VA 361 Productions\"},\"image\":{\"@id\":\"https:\\\/\\\/va361.com\\\/#\\\/schema\\\/logo\\\/image\\\/\"},\"employee\":{\"@id\":\"https:\\\/\\\/danielpycock.com\\\/#person\"}},{\"@type\":\"Person\",\"@id\":\"https:\\\/\\\/va361.com\\\/#\\\/schema\\\/person\\\/5be700e7e4fdfcabbe36ce92f935845e\",\"name\":\"Dani VA361\",\"image\":{\"@type\":\"ImageObject\",\"inLanguage\":\"en-GB\",\"@id\":\"https:\\\/\\\/secure.gravatar.com\\\/avatar\\\/4c74de7617bf107c4ca2d99e7ffb5e45f273029ac1669e01c52b41be9bb9bbc4?s=96&d=mm&r=g\",\"url\":\"https:\\\/\\\/secure.gravatar.com\\\/avatar\\\/4c74de7617bf107c4ca2d99e7ffb5e45f273029ac1669e01c52b41be9bb9bbc4?s=96&d=mm&r=g\",\"contentUrl\":\"https:\\\/\\\/secure.gravatar.com\\\/avatar\\\/4c74de7617bf107c4ca2d99e7ffb5e45f273029ac1669e01c52b41be9bb9bbc4?s=96&d=mm&r=g\",\"caption\":\"Dani VA361\"},\"sameAs\":[\"hola@danielmartel.com\"]}]}<\/script>\n<!-- \/ Yoast SEO plugin. -->","yoast_head_json":{"title":"Audiovisual Production of the event coches.net in Madrid","description":"VA 361 Productions was the company chosen to carry out the audiovisual production of the Coches.net event in Madrid.","robots":{"index":"index","follow":"follow","max-snippet":"max-snippet:-1","max-image-preview":"max-image-preview:large","max-video-preview":"max-video-preview:-1"},"canonical":"https:\/\/va361.com\/en\/blog\/coches-net-madrid\/","og_locale":"en_GB","og_type":"article","og_title":"Producci\u00f3n Audiovisual del evento coches.net en Madrid","og_description":"La empresa VA 361 Productions fue la compa\u00f1\u00eda elegida para llevar a cabo la producci\u00f3n audiovisual del evento Coches.net en Madrid.","og_url":"https:\/\/va361.com\/en\/blog\/coches-net-madrid\/","og_site_name":"VA 361 Productions","article_published_time":"2022-08-31T07:04:43+00:00","article_modified_time":"2023-04-18T07:36:22+00:00","og_image":[{"width":960,"height":720,"url":"https:\/\/va361.com\/wp-content\/uploads\/Evento-corporativo-de-la-marca-coches.net-en-Madrid-5.jpg","type":"image\/jpeg"}],"author":"Dani VA361","twitter_card":"summary_large_image","twitter_misc":{"Written by":"Dani VA361","Estimated reading time":"1 minute"},"schema":{"@context":"https:\/\/schema.org","@graph":[{"@type":"Article","@id":"https:\/\/va361.com\/blog\/coches-net-madrid\/#article","isPartOf":{"@id":"https:\/\/va361.com\/blog\/coches-net-madrid\/"},"author":{"name":"Dani VA361","@id":"https:\/\/va361.com\/#\/schema\/person\/5be700e7e4fdfcabbe36ce92f935845e"},"headline":"COCHES.NET &#8211; MADRID","datePublished":"2022-08-31T07:04:43+00:00","dateModified":"2023-04-18T07:36:22+00:00","mainEntityOfPage":{"@id":"https:\/\/va361.com\/blog\/coches-net-madrid\/"},"wordCount":109,"commentCount":2,"publisher":{"@id":"https:\/\/va361.com\/#organization"},"image":{"@id":"https:\/\/va361.com\/blog\/coches-net-madrid\/#primaryimage"},"thumbnailUrl":"https:\/\/va361.com\/wp-content\/uploads\/Evento-corporativo-de-la-marca-coches.net-en-Madrid-5.jpg","articleSection":["portafolio"],"inLanguage":"en-GB","potentialAction":[{"@type":"CommentAction","name":"Comment","target":["https:\/\/va361.com\/blog\/coches-net-madrid\/#respond"]}]},{"@type":"WebPage","@id":"https:\/\/va361.com\/blog\/coches-net-madrid\/","url":"https:\/\/va361.com\/blog\/coches-net-madrid\/","name":"Audiovisual Production of the event coches.net in Madrid","isPartOf":{"@id":"https:\/\/va361.com\/#website"},"primaryImageOfPage":{"@id":"https:\/\/va361.com\/blog\/coches-net-madrid\/#primaryimage"},"image":{"@id":"https:\/\/va361.com\/blog\/coches-net-madrid\/#primaryimage"},"thumbnailUrl":"https:\/\/va361.com\/wp-content\/uploads\/Evento-corporativo-de-la-marca-coches.net-en-Madrid-5.jpg","datePublished":"2022-08-31T07:04:43+00:00","dateModified":"2023-04-18T07:36:22+00:00","description":"VA 361 Productions was the company chosen to carry out the audiovisual production of the Coches.net event in Madrid.","breadcrumb":{"@id":"https:\/\/va361.com\/blog\/coches-net-madrid\/#breadcrumb"},"inLanguage":"en-GB","potentialAction":[{"@type":"ReadAction","target":["https:\/\/va361.com\/blog\/coches-net-madrid\/"]}]},{"@type":"ImageObject","inLanguage":"en-GB","@id":"https:\/\/va361.com\/blog\/coches-net-madrid\/#primaryimage","url":"https:\/\/va361.com\/wp-content\/uploads\/Evento-corporativo-de-la-marca-coches.net-en-Madrid-5.jpg","contentUrl":"https:\/\/va361.com\/wp-content\/uploads\/Evento-corporativo-de-la-marca-coches.net-en-Madrid-5.jpg","width":960,"height":720,"caption":"Evento corporativo de la marca coches.net en Madrid"},{"@type":"BreadcrumbList","@id":"https:\/\/va361.com\/blog\/coches-net-madrid\/#breadcrumb","itemListElement":[{"@type":"ListItem","position":1,"name":"Portada","item":"https:\/\/va361.com\/"},{"@type":"ListItem","position":2,"name":"COCHES.NET &#8211; MADRID"}]},{"@type":"WebSite","@id":"https:\/\/va361.com\/#website","url":"https:\/\/va361.com\/","name":"VA 361 Productions","description":"Audiovisual production for events","publisher":{"@id":"https:\/\/va361.com\/#organization"},"potentialAction":[{"@type":"SearchAction","target":{"@type":"EntryPoint","urlTemplate":"https:\/\/va361.com\/?s={search_term_string}"},"query-input":{"@type":"PropertyValueSpecification","valueRequired":true,"valueName":"search_term_string"}}],"inLanguage":"en-GB"},{"@type":"Organization","@id":"https:\/\/va361.com\/#organization","name":"VA 361 Productions","alternateName":"VA361","url":"https:\/\/va361.com\/","logo":{"@type":"ImageObject","inLanguage":"en-GB","@id":"https:\/\/va361.com\/#\/schema\/logo\/image\/","url":"https:\/\/va361.com\/wp-content\/uploads\/cropped-logo-horizontal.png","contentUrl":"https:\/\/va361.com\/wp-content\/uploads\/cropped-logo-horizontal.png","width":400,"height":60,"caption":"VA 361 Productions"},"image":{"@id":"https:\/\/va361.com\/#\/schema\/logo\/image\/"},"employee":{"@id":"https:\/\/danielpycock.com\/#person"}},{"@type":"Person","@id":"https:\/\/va361.com\/#\/schema\/person\/5be700e7e4fdfcabbe36ce92f935845e","name":"Dani VA361","image":{"@type":"ImageObject","inLanguage":"en-GB","@id":"https:\/\/secure.gravatar.com\/avatar\/4c74de7617bf107c4ca2d99e7ffb5e45f273029ac1669e01c52b41be9bb9bbc4?s=96&d=mm&r=g","url":"https:\/\/secure.gravatar.com\/avatar\/4c74de7617bf107c4ca2d99e7ffb5e45f273029ac1669e01c52b41be9bb9bbc4?s=96&d=mm&r=g","contentUrl":"https:\/\/secure.gravatar.com\/avatar\/4c74de7617bf107c4ca2d99e7ffb5e45f273029ac1669e01c52b41be9bb9bbc4?s=96&d=mm&r=g","caption":"Dani VA361"},"sameAs":["hola@danielmartel.com"]}]}},"_links":{"self":[{"href":"https:\/\/va361.com\/en\/wp-json\/wp\/v2\/posts\/7786","targetHints":{"allow":["GET"]}}],"collection":[{"href":"https:\/\/va361.com\/en\/wp-json\/wp\/v2\/posts"}],"about":[{"href":"https:\/\/va361.com\/en\/wp-json\/wp\/v2\/types\/post"}],"author":[{"embeddable":true,"href":"https:\/\/va361.com\/en\/wp-json\/wp\/v2\/users\/4"}],"replies":[{"embeddable":true,"href":"https:\/\/va361.com\/en\/wp-json\/wp\/v2\/comments?post=7786"}],"version-history":[{"count":32,"href":"https:\/\/va361.com\/en\/wp-json\/wp\/v2\/posts\/7786\/revisions"}],"predecessor-version":[{"id":7825,"href":"https:\/\/va361.com\/en\/wp-json\/wp\/v2\/posts\/7786\/revisions\/7825"}],"wp:featuredmedia":[{"embeddable":true,"href":"https:\/\/va361.com\/en\/wp-json\/wp\/v2\/media\/7791"}],"wp:attachment":[{"href":"https:\/\/va361.com\/en\/wp-json\/wp\/v2\/media?parent=7786"}],"wp:term":[{"taxonomy":"category","embeddable":true,"href":"https:\/\/va361.com\/en\/wp-json\/wp\/v2\/categories?post=7786"},{"taxonomy":"post_tag","embeddable":true,"href":"https:\/\/va361.com\/en\/wp-json\/wp\/v2\/tags?post=7786"}],"curies":[{"name":"wp","href":"https:\/\/api.w.org\/{rel}","templated":true}]}}