{"id":7157,"date":"2022-08-16T10:51:21","date_gmt":"2022-08-16T10:51:21","guid":{"rendered":"https:\/\/va361.com\/?p=7157"},"modified":"2023-05-03T10:26:21","modified_gmt":"2023-05-03T10:26:21","slug":"alain-afflelou-espana","status":"publish","type":"post","link":"https:\/\/va361.com\/en\/blog\/alain-afflelou-espana\/","title":{"rendered":"AFFLELOU - SPAIN"},"content":{"rendered":"<div data-elementor-type=\"wp-post\" data-elementor-id=\"7157\" class=\"elementor elementor-7157\" data-elementor-post-type=\"post\">\n\t\t\t\t\t\t<section class=\"elementor-section elementor-top-section elementor-element elementor-element-89f0b23 elementor-section-stretched elementor-section-full_width elementor-section-height-min-height elementor-section-height-default elementor-section-items-middle\" data-id=\"89f0b23\" data-element_type=\"section\" data-e-type=\"section\" data-settings=\"{&quot;stretch_section&quot;:&quot;section-stretched&quot;}\">\n\t\t\t\t\t\t<div class=\"elementor-container elementor-column-gap-no\">\n\t\t\t\t\t<div class=\"elementor-column elementor-col-100 elementor-top-column elementor-element elementor-element-b0aa7ea\" data-id=\"b0aa7ea\" data-element_type=\"column\" data-e-type=\"column\">\n\t\t\t<div class=\"elementor-widget-wrap elementor-element-populated\">\n\t\t\t\t\t\t<div class=\"elementor-element elementor-element-ce19d5e elementor--h-position-center elementor--v-position-middle elementor-arrows-position-inside elementor-widget elementor-widget-slides\" data-id=\"ce19d5e\" data-element_type=\"widget\" data-e-type=\"widget\" data-settings=\"{&quot;navigation&quot;:&quot;arrows&quot;,&quot;transition&quot;:&quot;fade&quot;,&quot;autoplay&quot;:&quot;yes&quot;,&quot;pause_on_hover&quot;:&quot;yes&quot;,&quot;pause_on_interaction&quot;:&quot;yes&quot;,&quot;autoplay_speed&quot;:5000,&quot;infinite&quot;:&quot;yes&quot;,&quot;transition_speed&quot;:500}\" data-widget_type=\"slides.default\">\n\t\t\t\t<div class=\"elementor-widget-container\">\n\t\t\t\t\t\t\t\t\t<div class=\"elementor-swiper\">\n\t\t\t\t\t<div class=\"elementor-slides-wrapper elementor-main-swiper swiper\" role=\"region\" aria-roledescription=\"carousel\" aria-label=\"Slides\" dir=\"ltr\" data-animation=\"fadeInUp\">\n\t\t\t\t<div class=\"swiper-wrapper elementor-slides\">\n\t\t\t\t\t\t\t\t\t\t<div class=\"elementor-repeater-item-c530932 swiper-slide\" role=\"group\" aria-roledescription=\"slide\"><div class=\"swiper-slide-bg\" role=\"img\" aria-label=\"Afflelou spain corporate event at the Hotel Gran Miramar in Malaga\"><\/div><div class=\"swiper-slide-inner\" ><div class=\"swiper-slide-contents\"><\/div><\/div><\/div><div class=\"elementor-repeater-item-598d59f swiper-slide\" role=\"group\" aria-roledescription=\"slide\"><div class=\"swiper-slide-bg elementor-ken-burns elementor-ken-burns--in\" role=\"img\" aria-label=\"Afflelou spain corporate event at the Hotel Gran Miramar in Malaga\"><\/div><div class=\"elementor-background-overlay\"><\/div><div class=\"swiper-slide-inner\" ><div class=\"swiper-slide-contents\"><\/div><\/div><\/div><div class=\"elementor-repeater-item-5274f7d swiper-slide\" role=\"group\" aria-roledescription=\"slide\"><div class=\"swiper-slide-bg\" role=\"img\" aria-label=\"Afflelou spain corporate event at the Hotel Gran Miramar in Malaga\"><\/div><div class=\"swiper-slide-inner\" ><div class=\"swiper-slide-contents\"><\/div><\/div><\/div><div class=\"elementor-repeater-item-703135a swiper-slide\" role=\"group\" aria-roledescription=\"slide\"><div class=\"swiper-slide-bg\" role=\"img\" aria-label=\"Afflelou spain corporate event at the Hotel Gran Miramar in Malaga\"><\/div><div class=\"swiper-slide-inner\" ><div class=\"swiper-slide-contents\"><\/div><\/div><\/div><div class=\"elementor-repeater-item-c7eafe4 swiper-slide\" role=\"group\" aria-roledescription=\"slide\"><div class=\"swiper-slide-bg\" role=\"img\" aria-label=\"Afflelou spain corporate event at the Hotel Gran Miramar in Malaga\"><\/div><div class=\"swiper-slide-inner\" ><div class=\"swiper-slide-contents\"><\/div><\/div><\/div>\t\t\t\t<\/div>\n\t\t\t\t\t\t\t\t\t\t\t\t\t\t\t<div class=\"elementor-swiper-button elementor-swiper-button-prev\" role=\"button\" tabindex=\"0\" aria-label=\"Previous slide\">\n\t\t\t\t\t\t\t<i aria-hidden=\"true\" class=\"eicon-chevron-left\"><\/i>\t\t\t\t\t\t<\/div>\n\t\t\t\t\t\t<div class=\"elementor-swiper-button elementor-swiper-button-next\" role=\"button\" tabindex=\"0\" aria-label=\"Next slide\">\n\t\t\t\t\t\t\t<i aria-hidden=\"true\" class=\"eicon-chevron-right\"><\/i>\t\t\t\t\t\t<\/div>\n\t\t\t\t\t\t\t\t\t\t\t\t\t\t\t\t\t<\/div>\n\t\t\t\t<\/div>\n\t\t\t\t\t\t\t\t<\/div>\n\t\t\t\t<\/div>\n\t\t\t\t\t<\/div>\n\t\t<\/div>\n\t\t\t\t\t<\/div>\n\t\t<\/section>\n\t\t\t\t<section class=\"elementor-section elementor-top-section elementor-element elementor-element-e619b12 elementor-section-full_width elementor-section-stretched elementor-section-height-default elementor-section-height-default\" data-id=\"e619b12\" data-element_type=\"section\" data-e-type=\"section\" data-settings=\"{&quot;stretch_section&quot;:&quot;section-stretched&quot;,&quot;background_background&quot;:&quot;classic&quot;}\">\n\t\t\t\t\t\t<div class=\"elementor-container elementor-column-gap-default\">\n\t\t\t\t\t<div class=\"elementor-column elementor-col-50 elementor-top-column elementor-element elementor-element-e4188e3\" data-id=\"e4188e3\" data-element_type=\"column\" data-e-type=\"column\" data-settings=\"{&quot;background_background&quot;:&quot;classic&quot;}\">\n\t\t\t<div class=\"elementor-widget-wrap elementor-element-populated\">\n\t\t\t\t\t\t<div class=\"elementor-element elementor-element-3bf1da7 elementor-widget elementor-widget-heading\" data-id=\"3bf1da7\" data-element_type=\"widget\" data-e-type=\"widget\" data-widget_type=\"heading.default\">\n\t\t\t\t<div class=\"elementor-widget-container\">\n\t\t\t\t\t<h2 class=\"elementor-heading-title elementor-size-default\">ALAIN AFFLELOU<\/h2>\t\t\t\t<\/div>\n\t\t\t\t<\/div>\n\t\t\t\t<div class=\"elementor-element elementor-element-cc19d42 elementor-widget elementor-widget-text-editor\" data-id=\"cc19d42\" data-element_type=\"widget\" data-e-type=\"widget\" data-widget_type=\"text-editor.default\">\n\t\t\t\t<div class=\"elementor-widget-container\">\n\t\t\t\t\t\t\t\t\t<p>The Hotel Miramar in Malaga hosted the annual corporate event for Alain Afflelou brand franchisees.<strong> For two days, more than 200 people joined in<\/strong> in different days to see the brand's novelties.<\/p>\n<p><span style=\"font-size: 16px;\">For this event, our company was in charge of the whole <strong>technical audiovisual production,<\/strong> in addition to the LED screen, which in this case was embedded in a foam frame.<\/span><\/p>\n<p>Solutions:&nbsp; <strong>full audiovisual production of the event,<\/strong> technical production of the event, LED screen, stage, lighting, signage, branding elements, lighting design, stage, etc.<\/p>\t\t\t\t\t\t\t\t<\/div>\n\t\t\t\t<\/div>\n\t\t\t\t\t<\/div>\n\t\t<\/div>\n\t\t\t\t<div class=\"elementor-column elementor-col-50 elementor-top-column elementor-element elementor-element-fa03601\" data-id=\"fa03601\" data-element_type=\"column\" data-e-type=\"column\" data-settings=\"{&quot;background_background&quot;:&quot;classic&quot;}\">\n\t\t\t<div class=\"elementor-widget-wrap elementor-element-populated\">\n\t\t\t\t\t\t\t<\/div>\n\t\t<\/div>\n\t\t\t\t\t<\/div>\n\t\t<\/section>\n\t\t\t\t<section class=\"elementor-section elementor-top-section elementor-element elementor-element-efe427c elementor-section-stretched elementor-section-full_width elementor-section-height-default elementor-section-height-default\" data-id=\"efe427c\" data-element_type=\"section\" data-e-type=\"section\" data-settings=\"{&quot;stretch_section&quot;:&quot;section-stretched&quot;}\">\n\t\t\t\t\t\t<div class=\"elementor-container elementor-column-gap-default\">\n\t\t\t\t\t<div class=\"elementor-column elementor-col-100 elementor-top-column elementor-element elementor-element-05d051b\" data-id=\"05d051b\" data-element_type=\"column\" data-e-type=\"column\">\n\t\t\t<div class=\"elementor-widget-wrap elementor-element-populated\">\n\t\t\t\t\t\t<div class=\"elementor-element elementor-element-8bb142c elementor-widget elementor-widget-text-editor\" data-id=\"8bb142c\" data-element_type=\"widget\" data-e-type=\"widget\" data-widget_type=\"text-editor.default\">\n\t\t\t\t<div class=\"elementor-widget-container\">\n\t\t\t\t\t\t\t\t\t\t\t<div data-elementor-type=\"section\" data-elementor-id=\"2707\" class=\"elementor elementor-2707\" data-elementor-post-type=\"elementor_library\">\n\t\t\t\t\t<section class=\"elementor-section elementor-top-section elementor-element elementor-element-174c0d3 elementor-section-stretched elementor-section-full_width elementor-section-height-default elementor-section-height-default\" data-id=\"174c0d3\" data-element_type=\"section\" data-e-type=\"section\" data-settings=\"{&quot;stretch_section&quot;:&quot;section-stretched&quot;}\">\n\t\t\t\t\t\t<div class=\"elementor-container elementor-column-gap-default\">\n\t\t\t\t\t<div class=\"elementor-column elementor-col-100 elementor-top-column elementor-element elementor-element-3ba5458\" data-id=\"3ba5458\" data-element_type=\"column\" data-e-type=\"column\">\n\t\t\t<div class=\"elementor-widget-wrap elementor-element-populated\">\n\t\t\t\t\t\t<div class=\"elementor-element elementor-element-1bcfa66 elementor-grid-5 elementor-grid-tablet-2 elementor-grid-mobile-1 elementor-posts--thumbnail-top elementor-card-shadow-yes elementor-posts__hover-gradient elementor-widget elementor-widget-posts\" data-id=\"1bcfa66\" data-element_type=\"widget\" data-e-type=\"widget\" data-settings=\"{&quot;cards_columns&quot;:&quot;5&quot;,&quot;cards_columns_tablet&quot;:&quot;2&quot;,&quot;cards_columns_mobile&quot;:&quot;1&quot;,&quot;cards_row_gap&quot;:{&quot;unit&quot;:&quot;px&quot;,&quot;size&quot;:35,&quot;sizes&quot;:[]},&quot;cards_row_gap_tablet&quot;:{&quot;unit&quot;:&quot;px&quot;,&quot;size&quot;:&quot;&quot;,&quot;sizes&quot;:[]},&quot;cards_row_gap_mobile&quot;:{&quot;unit&quot;:&quot;px&quot;,&quot;size&quot;:&quot;&quot;,&quot;sizes&quot;:[]}}\" data-widget_type=\"posts.cards\">\n\t\t\t\t<div class=\"elementor-widget-container\">\n\t\t\t\t\t\t\t<div class=\"elementor-posts-container elementor-posts elementor-posts--skin-cards elementor-grid\" role=\"list\">\n\t\t\t\t<article class=\"elementor-post elementor-grid-item post-3207 post type-post status-publish format-standard has-post-thumbnail hentry category-portafolio\" role=\"listitem\">\n\t\t\t<div class=\"elementor-post__card\">\n\t\t\t\t<a class=\"elementor-post__thumbnail__link\" href=\"https:\/\/va361.com\/en\/blog\/ey-madrid\/\" tabindex=\"-1\" ><div class=\"elementor-post__thumbnail\"><img fetchpriority=\"high\" decoding=\"async\" width=\"300\" height=\"168\" src=\"https:\/\/va361.com\/wp-content\/uploads\/22382407_294908924325053_6969964099758675410_o-1-300x168.jpg\" class=\"attachment-medium size-medium wp-image-3205\" alt=\"\" srcset=\"https:\/\/va361.com\/wp-content\/uploads\/22382407_294908924325053_6969964099758675410_o-1-300x168.jpg 300w, https:\/\/va361.com\/wp-content\/uploads\/22382407_294908924325053_6969964099758675410_o-1-1024x574.jpg 1024w, https:\/\/va361.com\/wp-content\/uploads\/22382407_294908924325053_6969964099758675410_o-1-768x431.jpg 768w, https:\/\/va361.com\/wp-content\/uploads\/22382407_294908924325053_6969964099758675410_o-1-1536x861.jpg 1536w, https:\/\/va361.com\/wp-content\/uploads\/22382407_294908924325053_6969964099758675410_o-1.jpg 2048w\" sizes=\"(max-width: 300px) 100vw, 300px\" \/><\/div><\/a>\n\t\t\t\t<div class=\"elementor-post__text\">\n\t\t\t\t<p class=\"elementor-post__title\">\n\t\t\t<a href=\"https:\/\/va361.com\/en\/blog\/ey-madrid\/\" >\n\t\t\t\tE&amp;Y \u2013 MADRID\t\t\t<\/a>\n\t\t<\/p>\n\t\t\t\t<\/div>\n\t\t\t\t\t<\/div>\n\t\t<\/article>\n\t\t\t\t<article class=\"elementor-post elementor-grid-item post-8467 post type-post status-publish format-standard has-post-thumbnail hentry category-portafolio\" role=\"listitem\">\n\t\t\t<div class=\"elementor-post__card\">\n\t\t\t\t<a class=\"elementor-post__thumbnail__link\" href=\"https:\/\/va361.com\/en\/blog\/oracle-madrid\/\" tabindex=\"-1\" ><div class=\"elementor-post__thumbnail\"><img decoding=\"async\" width=\"300\" height=\"225\" data-src=\"https:\/\/va361.com\/wp-content\/uploads\/Evento-de-la-marca-Oracle-en-el-hotel-puerta-america-de-Madrid-2-300x225.jpg\" class=\"attachment-medium size-medium wp-image-8468 lazyload\" alt=\"Oracle brand event at the hotel puerta am\u00e9rica in Madrid\" src=\"data:image\/svg+xml;base64,PHN2ZyB3aWR0aD0iMSIgaGVpZ2h0PSIxIiB4bWxucz0iaHR0cDovL3d3dy53My5vcmcvMjAwMC9zdmciPjwvc3ZnPg==\" style=\"--smush-placeholder-width: 300px; --smush-placeholder-aspect-ratio: 300\/225;\" \/><\/div><\/a>\n\t\t\t\t<div class=\"elementor-post__text\">\n\t\t\t\t<p class=\"elementor-post__title\">\n\t\t\t<a href=\"https:\/\/va361.com\/en\/blog\/oracle-madrid\/\" >\n\t\t\t\tORACLE- MADRID\t\t\t<\/a>\n\t\t<\/p>\n\t\t\t\t<\/div>\n\t\t\t\t\t<\/div>\n\t\t<\/article>\n\t\t\t\t<article class=\"elementor-post elementor-grid-item post-8410 post type-post status-publish format-standard has-post-thumbnail hentry category-portafolio\" role=\"listitem\">\n\t\t\t<div class=\"elementor-post__card\">\n\t\t\t\t<a class=\"elementor-post__thumbnail__link\" href=\"https:\/\/va361.com\/en\/blog\/ferrari-madrid\/\" tabindex=\"-1\" ><div class=\"elementor-post__thumbnail\"><img decoding=\"async\" width=\"300\" height=\"200\" data-src=\"https:\/\/va361.com\/wp-content\/uploads\/Evento-corporativo-de-Ferrari-sobre-Ferrari-Land-en-Madrid-4-300x200.jpg\" class=\"attachment-medium size-medium wp-image-8416 lazyload\" alt=\"Ferrari corporate event about Ferrari Land in Madrid\" data-srcset=\"https:\/\/va361.com\/wp-content\/uploads\/Evento-corporativo-de-Ferrari-sobre-Ferrari-Land-en-Madrid-4-300x200.jpg 300w, https:\/\/va361.com\/wp-content\/uploads\/Evento-corporativo-de-Ferrari-sobre-Ferrari-Land-en-Madrid-4-768x512.jpg 768w, https:\/\/va361.com\/wp-content\/uploads\/Evento-corporativo-de-Ferrari-sobre-Ferrari-Land-en-Madrid-4-18x12.jpg 18w, https:\/\/va361.com\/wp-content\/uploads\/Evento-corporativo-de-Ferrari-sobre-Ferrari-Land-en-Madrid-4.jpg 960w\" data-sizes=\"(max-width: 300px) 100vw, 300px\" src=\"data:image\/svg+xml;base64,PHN2ZyB3aWR0aD0iMSIgaGVpZ2h0PSIxIiB4bWxucz0iaHR0cDovL3d3dy53My5vcmcvMjAwMC9zdmciPjwvc3ZnPg==\" style=\"--smush-placeholder-width: 300px; --smush-placeholder-aspect-ratio: 300\/200;\" \/><\/div><\/a>\n\t\t\t\t<div class=\"elementor-post__text\">\n\t\t\t\t<p class=\"elementor-post__title\">\n\t\t\t<a href=\"https:\/\/va361.com\/en\/blog\/ferrari-madrid\/\" >\n\t\t\t\tFERRARI \u2013 MADRID\t\t\t<\/a>\n\t\t<\/p>\n\t\t\t\t<\/div>\n\t\t\t\t\t<\/div>\n\t\t<\/article>\n\t\t\t\t<article class=\"elementor-post elementor-grid-item post-7985 post type-post status-publish format-standard has-post-thumbnail hentry category-portafolio\" role=\"listitem\">\n\t\t\t<div class=\"elementor-post__card\">\n\t\t\t\t<a class=\"elementor-post__thumbnail__link\" href=\"https:\/\/va361.com\/en\/blog\/informatica-partner-forum-madrid\/\" tabindex=\"-1\" ><div class=\"elementor-post__thumbnail\"><img decoding=\"async\" width=\"300\" height=\"200\" data-src=\"https:\/\/va361.com\/wp-content\/uploads\/La-marca-informatica.com-celebra-en-el-marriot-auditorium-el-evento-anual-de-partners-300x200.jpeg\" class=\"attachment-medium size-medium wp-image-7988 lazyload\" alt=\"informatica.com brand holds annual partner event at marriot auditorium\" data-srcset=\"https:\/\/va361.com\/wp-content\/uploads\/La-marca-informatica.com-celebra-en-el-marriot-auditorium-el-evento-anual-de-partners-300x200.jpeg 300w, https:\/\/va361.com\/wp-content\/uploads\/La-marca-informatica.com-celebra-en-el-marriot-auditorium-el-evento-anual-de-partners-1024x681.jpeg 1024w, https:\/\/va361.com\/wp-content\/uploads\/La-marca-informatica.com-celebra-en-el-marriot-auditorium-el-evento-anual-de-partners-768x511.jpeg 768w, https:\/\/va361.com\/wp-content\/uploads\/La-marca-informatica.com-celebra-en-el-marriot-auditorium-el-evento-anual-de-partners-1536x1021.jpeg 1536w, https:\/\/va361.com\/wp-content\/uploads\/La-marca-informatica.com-celebra-en-el-marriot-auditorium-el-evento-anual-de-partners-18x12.jpeg 18w, https:\/\/va361.com\/wp-content\/uploads\/La-marca-informatica.com-celebra-en-el-marriot-auditorium-el-evento-anual-de-partners.jpeg 1600w\" data-sizes=\"(max-width: 300px) 100vw, 300px\" src=\"data:image\/svg+xml;base64,PHN2ZyB3aWR0aD0iMSIgaGVpZ2h0PSIxIiB4bWxucz0iaHR0cDovL3d3dy53My5vcmcvMjAwMC9zdmciPjwvc3ZnPg==\" style=\"--smush-placeholder-width: 300px; --smush-placeholder-aspect-ratio: 300\/200;\" \/><\/div><\/a>\n\t\t\t\t<div class=\"elementor-post__text\">\n\t\t\t\t<p class=\"elementor-post__title\">\n\t\t\t<a href=\"https:\/\/va361.com\/en\/blog\/informatica-partner-forum-madrid\/\" >\n\t\t\t\tINFORMATICA - MADRID\t\t\t<\/a>\n\t\t<\/p>\n\t\t\t\t<\/div>\n\t\t\t\t\t<\/div>\n\t\t<\/article>\n\t\t\t\t<article class=\"elementor-post elementor-grid-item post-11935 post type-post status-publish format-standard has-post-thumbnail hentry category-portafolio\" role=\"listitem\">\n\t\t\t<div class=\"elementor-post__card\">\n\t\t\t\t<a class=\"elementor-post__thumbnail__link\" href=\"https:\/\/va361.com\/en\/blog\/roche-bobois-marbella\/\" tabindex=\"-1\" ><div class=\"elementor-post__thumbnail\"><img decoding=\"async\" width=\"300\" height=\"200\" data-src=\"https:\/\/va361.com\/wp-content\/uploads\/Produccion-audiovisual-del-evento-corporativo-de-Roche-Bobois-en-Marbella-4-300x200.jpg\" class=\"attachment-medium size-medium wp-image-11936 lazyload\" alt=\"Audiovisual production of the Roche Bobois corporate event in Marbella\" data-srcset=\"https:\/\/va361.com\/wp-content\/uploads\/\/Produccion-audiovisual-del-evento-corporativo-de-Roche-Bobois-en-Marbella-4-300x200.jpg 300w, https:\/\/va361.com\/wp-content\/uploads\/\/Produccion-audiovisual-del-evento-corporativo-de-Roche-Bobois-en-Marbella-4-1024x683.jpg 1024w, https:\/\/va361.com\/wp-content\/uploads\/\/Produccion-audiovisual-del-evento-corporativo-de-Roche-Bobois-en-Marbella-4-768x512.jpg 768w, https:\/\/va361.com\/wp-content\/uploads\/\/Produccion-audiovisual-del-evento-corporativo-de-Roche-Bobois-en-Marbella-4-1536x1024.jpg 1536w, https:\/\/va361.com\/wp-content\/uploads\/\/Produccion-audiovisual-del-evento-corporativo-de-Roche-Bobois-en-Marbella-4-2048x1365.jpg 2048w, https:\/\/va361.com\/wp-content\/uploads\/\/Produccion-audiovisual-del-evento-corporativo-de-Roche-Bobois-en-Marbella-4-18x12.jpg 18w\" data-sizes=\"(max-width: 300px) 100vw, 300px\" src=\"data:image\/svg+xml;base64,PHN2ZyB3aWR0aD0iMSIgaGVpZ2h0PSIxIiB4bWxucz0iaHR0cDovL3d3dy53My5vcmcvMjAwMC9zdmciPjwvc3ZnPg==\" style=\"--smush-placeholder-width: 300px; --smush-placeholder-aspect-ratio: 300\/200;\" \/><\/div><\/a>\n\t\t\t\t<div class=\"elementor-post__text\">\n\t\t\t\t<p class=\"elementor-post__title\">\n\t\t\t<a href=\"https:\/\/va361.com\/en\/blog\/roche-bobois-marbella\/\" >\n\t\t\t\tROCHE BOBOIS - MARBELLA\t\t\t<\/a>\n\t\t<\/p>\n\t\t\t\t<\/div>\n\t\t\t\t\t<\/div>\n\t\t<\/article>\n\t\t\t\t<\/div>\n\t\t\n\t\t\t\t\t\t<\/div>\n\t\t\t\t<\/div>\n\t\t\t\t\t<\/div>\n\t\t<\/div>\n\t\t\t\t\t<\/div>\n\t\t<\/section>\n\t\t\t\t<\/div>\n\t\t\t\t\t\t\t\t\t\t<\/div>\n\t\t\t\t<\/div>\n\t\t\t\t\t<\/div>\n\t\t<\/div>\n\t\t\t\t\t<\/div>\n\t\t<\/section>\n\t\t\t\t<\/div>","protected":false},"excerpt":{"rendered":"<p>Anterior Siguiente ALAIN AFFLELOU El Hotel Miramar de M\u00e1laga acogi\u00f3 el evento corporativo anual a franquiciados de la marca Alain Afflelou. Durante dos d\u00edas m\u00e1s<\/p>","protected":false},"author":4,"featured_media":7163,"comment_status":"open","ping_status":"open","sticky":false,"template":"elementor_header_footer","format":"standard","meta":{"_monsterinsights_skip_tracking":false,"_monsterinsights_sitenote_active":false,"_monsterinsights_sitenote_note":"","_monsterinsights_sitenote_category":0,"site-sidebar-layout":"no-sidebar","site-content-layout":"default","ast-global-header-display":"","ast-main-header-display":"","ast-hfb-above-header-display":"","ast-hfb-below-header-display":"","ast-hfb-mobile-header-display":"","site-post-title":"disabled","ast-breadcrumbs-content":"","ast-featured-img":"disabled","footer-sml-layout":"","theme-transparent-header-meta":"default","adv-header-id-meta":"","stick-header-meta":"default","header-above-stick-meta":"","header-main-stick-meta":"","header-below-stick-meta":"","footnotes":""},"categories":[8],"tags":[],"class_list":["post-7157","post","type-post","status-publish","format-standard","has-post-thumbnail","hentry","category-portafolio"],"yoast_head":"<!-- This site is optimized with the Yoast SEO plugin v28.3 - https:\/\/yoast.com\/product\/yoast-seo-wordpress\/ -->\n<title>Evento corporativo de Afflelou en el Hotel Miramar de M\u00e1laga<\/title>\n<meta name=\"description\" content=\"En VA 361 Productions llevamos a cabo la producci\u00f3n audiovisual integral del evento corporativo de Afflelou en el Hotel Miramar de M\u00e1laga\" \/>\n<meta name=\"robots\" content=\"index, follow, max-snippet:-1, max-image-preview:large, max-video-preview:-1\" \/>\n<link rel=\"canonical\" href=\"https:\/\/va361.com\/en\/blog\/alain-afflelou-espana\/\" \/>\n<meta property=\"og:locale\" content=\"en_GB\" \/>\n<meta property=\"og:type\" content=\"article\" \/>\n<meta property=\"og:title\" content=\"Evento corporativo de Afflelou en el Hotel Miramar de M\u00e1laga\" \/>\n<meta property=\"og:description\" content=\"En VA 361 Productions llevamos a cabo la producci\u00f3n audiovisual integral del evento corporativo de Afflelou en el Hotel Miramar de M\u00e1laga\" \/>\n<meta property=\"og:url\" content=\"https:\/\/va361.com\/en\/blog\/alain-afflelou-espana\/\" \/>\n<meta property=\"og:site_name\" content=\"VA 361 Productions\" \/>\n<meta property=\"article:published_time\" content=\"2022-08-16T10:51:21+00:00\" \/>\n<meta property=\"article:modified_time\" content=\"2023-05-03T10:26:21+00:00\" \/>\n<meta property=\"og:image\" content=\"https:\/\/va361.com\/wp-content\/uploads\/Evento-corporativo-de-Afflelou-espana-en-el-Hotel-Gran-Miramar-de-Malaga-6-scaled.jpg\" \/>\n\t<meta property=\"og:image:width\" content=\"2560\" \/>\n\t<meta property=\"og:image:height\" content=\"1920\" \/>\n\t<meta property=\"og:image:type\" content=\"image\/jpeg\" \/>\n<meta name=\"author\" content=\"Dani VA361\" \/>\n<meta name=\"twitter:card\" content=\"summary_large_image\" \/>\n<meta name=\"twitter:label1\" content=\"Written by\" \/>\n\t<meta name=\"twitter:data1\" content=\"Dani VA361\" \/>\n\t<meta name=\"twitter:label2\" content=\"Estimated reading time\" \/>\n\t<meta name=\"twitter:data2\" content=\"1 minute\" \/>\n<script type=\"application\/ld+json\" class=\"yoast-schema-graph\">{\"@context\":\"https:\\\/\\\/schema.org\",\"@graph\":[{\"@type\":\"Article\",\"@id\":\"https:\\\/\\\/va361.com\\\/blog\\\/afflelou-espana\\\/#article\",\"isPartOf\":{\"@id\":\"https:\\\/\\\/va361.com\\\/blog\\\/afflelou-espana\\\/\"},\"author\":{\"name\":\"Dani VA361\",\"@id\":\"https:\\\/\\\/va361.com\\\/#\\\/schema\\\/person\\\/5be700e7e4fdfcabbe36ce92f935845e\"},\"headline\":\"AFFLELOU &#8211; ESPA\u00d1A\",\"datePublished\":\"2022-08-16T10:51:21+00:00\",\"dateModified\":\"2023-05-03T10:26:21+00:00\",\"mainEntityOfPage\":{\"@id\":\"https:\\\/\\\/va361.com\\\/blog\\\/afflelou-espana\\\/\"},\"wordCount\":113,\"commentCount\":6,\"publisher\":{\"@id\":\"https:\\\/\\\/va361.com\\\/#organization\"},\"image\":{\"@id\":\"https:\\\/\\\/va361.com\\\/blog\\\/afflelou-espana\\\/#primaryimage\"},\"thumbnailUrl\":\"https:\\\/\\\/va361.com\\\/wp-content\\\/uploads\\\/Evento-corporativo-de-Afflelou-espana-en-el-Hotel-Gran-Miramar-de-Malaga-6-scaled.jpg\",\"articleSection\":[\"portafolio\"],\"inLanguage\":\"en-GB\",\"potentialAction\":[{\"@type\":\"CommentAction\",\"name\":\"Comment\",\"target\":[\"https:\\\/\\\/va361.com\\\/blog\\\/afflelou-espana\\\/#respond\"]}]},{\"@type\":\"WebPage\",\"@id\":\"https:\\\/\\\/va361.com\\\/blog\\\/afflelou-espana\\\/\",\"url\":\"https:\\\/\\\/va361.com\\\/blog\\\/afflelou-espana\\\/\",\"name\":\"Evento corporativo de Afflelou en el Hotel Miramar de M\u00e1laga\",\"isPartOf\":{\"@id\":\"https:\\\/\\\/va361.com\\\/#website\"},\"primaryImageOfPage\":{\"@id\":\"https:\\\/\\\/va361.com\\\/blog\\\/afflelou-espana\\\/#primaryimage\"},\"image\":{\"@id\":\"https:\\\/\\\/va361.com\\\/blog\\\/afflelou-espana\\\/#primaryimage\"},\"thumbnailUrl\":\"https:\\\/\\\/va361.com\\\/wp-content\\\/uploads\\\/Evento-corporativo-de-Afflelou-espana-en-el-Hotel-Gran-Miramar-de-Malaga-6-scaled.jpg\",\"datePublished\":\"2022-08-16T10:51:21+00:00\",\"dateModified\":\"2023-05-03T10:26:21+00:00\",\"description\":\"En VA 361 Productions llevamos a cabo la producci\u00f3n audiovisual integral del evento corporativo de Afflelou en el Hotel Miramar de M\u00e1laga\",\"breadcrumb\":{\"@id\":\"https:\\\/\\\/va361.com\\\/blog\\\/afflelou-espana\\\/#breadcrumb\"},\"inLanguage\":\"en-GB\",\"potentialAction\":[{\"@type\":\"ReadAction\",\"target\":[\"https:\\\/\\\/va361.com\\\/blog\\\/afflelou-espana\\\/\"]}]},{\"@type\":\"ImageObject\",\"inLanguage\":\"en-GB\",\"@id\":\"https:\\\/\\\/va361.com\\\/blog\\\/afflelou-espana\\\/#primaryimage\",\"url\":\"https:\\\/\\\/va361.com\\\/wp-content\\\/uploads\\\/Evento-corporativo-de-Afflelou-espana-en-el-Hotel-Gran-Miramar-de-Malaga-6-scaled.jpg\",\"contentUrl\":\"https:\\\/\\\/va361.com\\\/wp-content\\\/uploads\\\/Evento-corporativo-de-Afflelou-espana-en-el-Hotel-Gran-Miramar-de-Malaga-6-scaled.jpg\",\"width\":2560,\"height\":1920,\"caption\":\"Evento corporativo de Afflelou espa\u00f1a en el Hotel Gran Miramar de M\u00e1laga\"},{\"@type\":\"BreadcrumbList\",\"@id\":\"https:\\\/\\\/va361.com\\\/blog\\\/afflelou-espana\\\/#breadcrumb\",\"itemListElement\":[{\"@type\":\"ListItem\",\"position\":1,\"name\":\"Portada\",\"item\":\"https:\\\/\\\/va361.com\\\/\"},{\"@type\":\"ListItem\",\"position\":2,\"name\":\"AFFLELOU &#8211; ESPA\u00d1A\"}]},{\"@type\":\"WebSite\",\"@id\":\"https:\\\/\\\/va361.com\\\/#website\",\"url\":\"https:\\\/\\\/va361.com\\\/\",\"name\":\"VA 361 Productions\",\"description\":\"Producci\u00f3n audiovisual para eventos\",\"publisher\":{\"@id\":\"https:\\\/\\\/va361.com\\\/#organization\"},\"potentialAction\":[{\"@type\":\"SearchAction\",\"target\":{\"@type\":\"EntryPoint\",\"urlTemplate\":\"https:\\\/\\\/va361.com\\\/?s={search_term_string}\"},\"query-input\":{\"@type\":\"PropertyValueSpecification\",\"valueRequired\":true,\"valueName\":\"search_term_string\"}}],\"inLanguage\":\"en-GB\"},{\"@type\":\"Organization\",\"@id\":\"https:\\\/\\\/va361.com\\\/#organization\",\"name\":\"VA 361 Productions\",\"alternateName\":\"VA361\",\"url\":\"https:\\\/\\\/va361.com\\\/\",\"logo\":{\"@type\":\"ImageObject\",\"inLanguage\":\"en-GB\",\"@id\":\"https:\\\/\\\/va361.com\\\/#\\\/schema\\\/logo\\\/image\\\/\",\"url\":\"https:\\\/\\\/va361.com\\\/wp-content\\\/uploads\\\/cropped-logo-horizontal.png\",\"contentUrl\":\"https:\\\/\\\/va361.com\\\/wp-content\\\/uploads\\\/cropped-logo-horizontal.png\",\"width\":400,\"height\":60,\"caption\":\"VA 361 Productions\"},\"image\":{\"@id\":\"https:\\\/\\\/va361.com\\\/#\\\/schema\\\/logo\\\/image\\\/\"},\"employee\":{\"@id\":\"https:\\\/\\\/danielpycock.com\\\/#person\"}},{\"@type\":\"Person\",\"@id\":\"https:\\\/\\\/va361.com\\\/#\\\/schema\\\/person\\\/5be700e7e4fdfcabbe36ce92f935845e\",\"name\":\"Dani VA361\",\"image\":{\"@type\":\"ImageObject\",\"inLanguage\":\"en-GB\",\"@id\":\"https:\\\/\\\/secure.gravatar.com\\\/avatar\\\/4c74de7617bf107c4ca2d99e7ffb5e45f273029ac1669e01c52b41be9bb9bbc4?s=96&d=mm&r=g\",\"url\":\"https:\\\/\\\/secure.gravatar.com\\\/avatar\\\/4c74de7617bf107c4ca2d99e7ffb5e45f273029ac1669e01c52b41be9bb9bbc4?s=96&d=mm&r=g\",\"contentUrl\":\"https:\\\/\\\/secure.gravatar.com\\\/avatar\\\/4c74de7617bf107c4ca2d99e7ffb5e45f273029ac1669e01c52b41be9bb9bbc4?s=96&d=mm&r=g\",\"caption\":\"Dani VA361\"},\"sameAs\":[\"hola@danielmartel.com\"]}]}<\/script>\n<!-- \/ Yoast SEO plugin. -->","yoast_head_json":{"title":"Afflelou corporate event at the Hotel Miramar in Malaga","description":"VA 361 Productions carried out the complete audiovisual production of Afflelou's corporate event at the Hotel Miramar in Malaga.","robots":{"index":"index","follow":"follow","max-snippet":"max-snippet:-1","max-image-preview":"max-image-preview:large","max-video-preview":"max-video-preview:-1"},"canonical":"https:\/\/va361.com\/en\/blog\/alain-afflelou-espana\/","og_locale":"en_GB","og_type":"article","og_title":"Evento corporativo de Afflelou en el Hotel Miramar de M\u00e1laga","og_description":"En VA 361 Productions llevamos a cabo la producci\u00f3n audiovisual integral del evento corporativo de Afflelou en el Hotel Miramar de M\u00e1laga","og_url":"https:\/\/va361.com\/en\/blog\/alain-afflelou-espana\/","og_site_name":"VA 361 Productions","article_published_time":"2022-08-16T10:51:21+00:00","article_modified_time":"2023-05-03T10:26:21+00:00","og_image":[{"width":2560,"height":1920,"url":"https:\/\/va361.com\/wp-content\/uploads\/Evento-corporativo-de-Afflelou-espana-en-el-Hotel-Gran-Miramar-de-Malaga-6-scaled.jpg","type":"image\/jpeg"}],"author":"Dani VA361","twitter_card":"summary_large_image","twitter_misc":{"Written by":"Dani VA361","Estimated reading time":"1 minute"},"schema":{"@context":"https:\/\/schema.org","@graph":[{"@type":"Article","@id":"https:\/\/va361.com\/blog\/afflelou-espana\/#article","isPartOf":{"@id":"https:\/\/va361.com\/blog\/afflelou-espana\/"},"author":{"name":"Dani VA361","@id":"https:\/\/va361.com\/#\/schema\/person\/5be700e7e4fdfcabbe36ce92f935845e"},"headline":"AFFLELOU &#8211; ESPA\u00d1A","datePublished":"2022-08-16T10:51:21+00:00","dateModified":"2023-05-03T10:26:21+00:00","mainEntityOfPage":{"@id":"https:\/\/va361.com\/blog\/afflelou-espana\/"},"wordCount":113,"commentCount":6,"publisher":{"@id":"https:\/\/va361.com\/#organization"},"image":{"@id":"https:\/\/va361.com\/blog\/afflelou-espana\/#primaryimage"},"thumbnailUrl":"https:\/\/va361.com\/wp-content\/uploads\/Evento-corporativo-de-Afflelou-espana-en-el-Hotel-Gran-Miramar-de-Malaga-6-scaled.jpg","articleSection":["portafolio"],"inLanguage":"en-GB","potentialAction":[{"@type":"CommentAction","name":"Comment","target":["https:\/\/va361.com\/blog\/afflelou-espana\/#respond"]}]},{"@type":"WebPage","@id":"https:\/\/va361.com\/blog\/afflelou-espana\/","url":"https:\/\/va361.com\/blog\/afflelou-espana\/","name":"Afflelou corporate event at the Hotel Miramar in Malaga","isPartOf":{"@id":"https:\/\/va361.com\/#website"},"primaryImageOfPage":{"@id":"https:\/\/va361.com\/blog\/afflelou-espana\/#primaryimage"},"image":{"@id":"https:\/\/va361.com\/blog\/afflelou-espana\/#primaryimage"},"thumbnailUrl":"https:\/\/va361.com\/wp-content\/uploads\/Evento-corporativo-de-Afflelou-espana-en-el-Hotel-Gran-Miramar-de-Malaga-6-scaled.jpg","datePublished":"2022-08-16T10:51:21+00:00","dateModified":"2023-05-03T10:26:21+00:00","description":"VA 361 Productions carried out the complete audiovisual production of Afflelou's corporate event at the Hotel Miramar in Malaga.","breadcrumb":{"@id":"https:\/\/va361.com\/blog\/afflelou-espana\/#breadcrumb"},"inLanguage":"en-GB","potentialAction":[{"@type":"ReadAction","target":["https:\/\/va361.com\/blog\/afflelou-espana\/"]}]},{"@type":"ImageObject","inLanguage":"en-GB","@id":"https:\/\/va361.com\/blog\/afflelou-espana\/#primaryimage","url":"https:\/\/va361.com\/wp-content\/uploads\/Evento-corporativo-de-Afflelou-espana-en-el-Hotel-Gran-Miramar-de-Malaga-6-scaled.jpg","contentUrl":"https:\/\/va361.com\/wp-content\/uploads\/Evento-corporativo-de-Afflelou-espana-en-el-Hotel-Gran-Miramar-de-Malaga-6-scaled.jpg","width":2560,"height":1920,"caption":"Evento corporativo de Afflelou espa\u00f1a en el Hotel Gran Miramar de M\u00e1laga"},{"@type":"BreadcrumbList","@id":"https:\/\/va361.com\/blog\/afflelou-espana\/#breadcrumb","itemListElement":[{"@type":"ListItem","position":1,"name":"Portada","item":"https:\/\/va361.com\/"},{"@type":"ListItem","position":2,"name":"AFFLELOU &#8211; ESPA\u00d1A"}]},{"@type":"WebSite","@id":"https:\/\/va361.com\/#website","url":"https:\/\/va361.com\/","name":"VA 361 Productions","description":"Audiovisual production for events","publisher":{"@id":"https:\/\/va361.com\/#organization"},"potentialAction":[{"@type":"SearchAction","target":{"@type":"EntryPoint","urlTemplate":"https:\/\/va361.com\/?s={search_term_string}"},"query-input":{"@type":"PropertyValueSpecification","valueRequired":true,"valueName":"search_term_string"}}],"inLanguage":"en-GB"},{"@type":"Organization","@id":"https:\/\/va361.com\/#organization","name":"VA 361 Productions","alternateName":"VA361","url":"https:\/\/va361.com\/","logo":{"@type":"ImageObject","inLanguage":"en-GB","@id":"https:\/\/va361.com\/#\/schema\/logo\/image\/","url":"https:\/\/va361.com\/wp-content\/uploads\/cropped-logo-horizontal.png","contentUrl":"https:\/\/va361.com\/wp-content\/uploads\/cropped-logo-horizontal.png","width":400,"height":60,"caption":"VA 361 Productions"},"image":{"@id":"https:\/\/va361.com\/#\/schema\/logo\/image\/"},"employee":{"@id":"https:\/\/danielpycock.com\/#person"}},{"@type":"Person","@id":"https:\/\/va361.com\/#\/schema\/person\/5be700e7e4fdfcabbe36ce92f935845e","name":"Dani VA361","image":{"@type":"ImageObject","inLanguage":"en-GB","@id":"https:\/\/secure.gravatar.com\/avatar\/4c74de7617bf107c4ca2d99e7ffb5e45f273029ac1669e01c52b41be9bb9bbc4?s=96&d=mm&r=g","url":"https:\/\/secure.gravatar.com\/avatar\/4c74de7617bf107c4ca2d99e7ffb5e45f273029ac1669e01c52b41be9bb9bbc4?s=96&d=mm&r=g","contentUrl":"https:\/\/secure.gravatar.com\/avatar\/4c74de7617bf107c4ca2d99e7ffb5e45f273029ac1669e01c52b41be9bb9bbc4?s=96&d=mm&r=g","caption":"Dani VA361"},"sameAs":["hola@danielmartel.com"]}]}},"_links":{"self":[{"href":"https:\/\/va361.com\/en\/wp-json\/wp\/v2\/posts\/7157","targetHints":{"allow":["GET"]}}],"collection":[{"href":"https:\/\/va361.com\/en\/wp-json\/wp\/v2\/posts"}],"about":[{"href":"https:\/\/va361.com\/en\/wp-json\/wp\/v2\/types\/post"}],"author":[{"embeddable":true,"href":"https:\/\/va361.com\/en\/wp-json\/wp\/v2\/users\/4"}],"replies":[{"embeddable":true,"href":"https:\/\/va361.com\/en\/wp-json\/wp\/v2\/comments?post=7157"}],"version-history":[{"count":21,"href":"https:\/\/va361.com\/en\/wp-json\/wp\/v2\/posts\/7157\/revisions"}],"predecessor-version":[{"id":7220,"href":"https:\/\/va361.com\/en\/wp-json\/wp\/v2\/posts\/7157\/revisions\/7220"}],"wp:featuredmedia":[{"embeddable":true,"href":"https:\/\/va361.com\/en\/wp-json\/wp\/v2\/media\/7163"}],"wp:attachment":[{"href":"https:\/\/va361.com\/en\/wp-json\/wp\/v2\/media?parent=7157"}],"wp:term":[{"taxonomy":"category","embeddable":true,"href":"https:\/\/va361.com\/en\/wp-json\/wp\/v2\/categories?post=7157"},{"taxonomy":"post_tag","embeddable":true,"href":"https:\/\/va361.com\/en\/wp-json\/wp\/v2\/tags?post=7157"}],"curies":[{"name":"wp","href":"https:\/\/api.w.org\/{rel}","templated":true}]}}