{"id":6593,"date":"2022-08-03T10:21:58","date_gmt":"2022-08-03T10:21:58","guid":{"rendered":"https:\/\/va361.com\/?p=6593"},"modified":"2023-08-08T09:37:10","modified_gmt":"2023-08-08T09:37:10","slug":"booth-ey-madrid","status":"publish","type":"post","link":"https:\/\/va361.com\/en\/blog\/booth-ey-madrid\/","title":{"rendered":"EY - MADRID"},"content":{"rendered":"<div data-elementor-type=\"wp-post\" data-elementor-id=\"6593\" class=\"elementor elementor-6593\" data-elementor-post-type=\"post\">\n\t\t\t\t\t\t<section class=\"elementor-section elementor-top-section elementor-element elementor-element-89f0b23 elementor-section-stretched elementor-section-full_width elementor-section-height-min-height elementor-section-height-default elementor-section-items-middle\" data-id=\"89f0b23\" data-element_type=\"section\" data-e-type=\"section\" data-settings=\"{&quot;stretch_section&quot;:&quot;section-stretched&quot;}\">\n\t\t\t\t\t\t<div class=\"elementor-container elementor-column-gap-no\">\n\t\t\t\t\t<div class=\"elementor-column elementor-col-100 elementor-top-column elementor-element elementor-element-b0aa7ea\" data-id=\"b0aa7ea\" data-element_type=\"column\" data-e-type=\"column\">\n\t\t\t<div class=\"elementor-widget-wrap elementor-element-populated\">\n\t\t\t\t\t\t<div class=\"elementor-element elementor-element-ce19d5e elementor--h-position-center elementor--v-position-middle elementor-arrows-position-inside elementor-widget elementor-widget-slides\" data-id=\"ce19d5e\" data-element_type=\"widget\" data-e-type=\"widget\" data-settings=\"{&quot;navigation&quot;:&quot;arrows&quot;,&quot;transition&quot;:&quot;fade&quot;,&quot;autoplay&quot;:&quot;yes&quot;,&quot;pause_on_hover&quot;:&quot;yes&quot;,&quot;pause_on_interaction&quot;:&quot;yes&quot;,&quot;autoplay_speed&quot;:5000,&quot;infinite&quot;:&quot;yes&quot;,&quot;transition_speed&quot;:500}\" data-widget_type=\"slides.default\">\n\t\t\t\t<div class=\"elementor-widget-container\">\n\t\t\t\t\t\t\t\t\t<div class=\"elementor-swiper\">\n\t\t\t\t\t<div class=\"elementor-slides-wrapper elementor-main-swiper swiper\" role=\"region\" aria-roledescription=\"carousel\" aria-label=\"Slides\" dir=\"ltr\" data-animation=\"fadeInUp\">\n\t\t\t\t<div class=\"swiper-wrapper elementor-slides\">\n\t\t\t\t\t\t\t\t\t\t<div class=\"elementor-repeater-item-598d59f swiper-slide\" role=\"group\" aria-roledescription=\"slide\"><div class=\"swiper-slide-bg elementor-ken-burns elementor-ken-burns--in\" role=\"img\" aria-label=\"Event at ifema in Madrid with the EY brand\"><\/div><div class=\"elementor-background-overlay\"><\/div><div class=\"swiper-slide-inner\" ><div class=\"swiper-slide-contents\"><\/div><\/div><\/div><div class=\"elementor-repeater-item-c530932 swiper-slide\" role=\"group\" aria-roledescription=\"slide\"><div class=\"swiper-slide-bg\" role=\"img\" aria-label=\"Event at ifema in Madrid with the EY brand\"><\/div><div class=\"swiper-slide-inner\" ><div class=\"swiper-slide-contents\"><\/div><\/div><\/div>\t\t\t\t<\/div>\n\t\t\t\t\t\t\t\t\t\t\t\t\t\t\t<div class=\"elementor-swiper-button elementor-swiper-button-prev\" role=\"button\" tabindex=\"0\" aria-label=\"Previous slide\" data-no-translation-aria-label=\"\">\n\t\t\t\t\t\t\t<i aria-hidden=\"true\" class=\"eicon-chevron-left\"><\/i>\t\t\t\t\t\t<\/div>\n\t\t\t\t\t\t<div class=\"elementor-swiper-button elementor-swiper-button-next\" role=\"button\" tabindex=\"0\" aria-label=\"Next slide\" data-no-translation-aria-label=\"\">\n\t\t\t\t\t\t\t<i aria-hidden=\"true\" class=\"eicon-chevron-right\"><\/i>\t\t\t\t\t\t<\/div>\n\t\t\t\t\t\t\t\t\t\t\t\t\t\t\t\t\t<\/div>\n\t\t\t\t<\/div>\n\t\t\t\t\t\t\t\t<\/div>\n\t\t\t\t<\/div>\n\t\t\t\t\t<\/div>\n\t\t<\/div>\n\t\t\t\t\t<\/div>\n\t\t<\/section>\n\t\t\t\t<section class=\"elementor-section elementor-top-section elementor-element elementor-element-e619b12 elementor-section-full_width elementor-section-stretched elementor-section-height-default elementor-section-height-default\" data-id=\"e619b12\" data-element_type=\"section\" data-e-type=\"section\" data-settings=\"{&quot;stretch_section&quot;:&quot;section-stretched&quot;,&quot;background_background&quot;:&quot;classic&quot;}\">\n\t\t\t\t\t\t<div class=\"elementor-container elementor-column-gap-default\">\n\t\t\t\t\t<div class=\"elementor-column elementor-col-50 elementor-top-column elementor-element elementor-element-e4188e3\" data-id=\"e4188e3\" data-element_type=\"column\" data-e-type=\"column\" data-settings=\"{&quot;background_background&quot;:&quot;classic&quot;}\">\n\t\t\t<div class=\"elementor-widget-wrap elementor-element-populated\">\n\t\t\t\t\t\t<div class=\"elementor-element elementor-element-3bf1da7 elementor-widget elementor-widget-heading\" data-id=\"3bf1da7\" data-element_type=\"widget\" data-e-type=\"widget\" data-widget_type=\"heading.default\">\n\t\t\t\t<div class=\"elementor-widget-container\">\n\t\t\t\t\t<h2 class=\"elementor-heading-title elementor-size-default\">BOOTH EY<\/h2>\t\t\t\t<\/div>\n\t\t\t\t<\/div>\n\t\t\t\t<div class=\"elementor-element elementor-element-cc19d42 elementor-widget elementor-widget-text-editor\" data-id=\"cc19d42\" data-element_type=\"widget\" data-e-type=\"widget\" data-widget_type=\"text-editor.default\">\n\t\t\t\t<div class=\"elementor-widget-container\">\n\t\t\t\t\t\t\t\t\t<p class=\"translation-block\">At VA 361 Productions we carried out the <strong>customised stand <\/strong>for the EY brand that was placed at the IFEMA in Madrid.<\/p><p class=\"translation-block\">We were in charge of the entire project,<strong> from the rendering process to its completion at IFEMA.<\/strong><\/p><p class=\"translation-block\">Here we show you how it was assembled, so that <strong>the final artwork was exactly the same as the renders proposed to the brand.<\/strong><\/p><p class=\"translation-block\"><strong>If you can imagine it, we can make it happen,<\/strong> so if you are looking for a reliable supplier who can develop a fully customised stand for a trade fair or congress, <strong>don't hesitate to contact us!<\/strong><\/p>\t\t\t\t\t\t\t\t<\/div>\n\t\t\t\t<\/div>\n\t\t\t\t\t<\/div>\n\t\t<\/div>\n\t\t\t\t<div class=\"elementor-column elementor-col-50 elementor-top-column elementor-element elementor-element-fa03601\" data-id=\"fa03601\" data-element_type=\"column\" data-e-type=\"column\" data-settings=\"{&quot;background_background&quot;:&quot;classic&quot;}\">\n\t\t\t<div class=\"elementor-widget-wrap elementor-element-populated\">\n\t\t\t\t\t\t\t<\/div>\n\t\t<\/div>\n\t\t\t\t\t<\/div>\n\t\t<\/section>\n\t\t\t\t<section class=\"elementor-section elementor-top-section elementor-element elementor-element-afeda3a elementor-section-boxed elementor-section-height-default elementor-section-height-default\" data-id=\"afeda3a\" data-element_type=\"section\" data-e-type=\"section\">\n\t\t\t\t\t\t<div class=\"elementor-container elementor-column-gap-default\">\n\t\t\t\t\t<div class=\"elementor-column elementor-col-100 elementor-top-column elementor-element elementor-element-23b0e16\" data-id=\"23b0e16\" data-element_type=\"column\" data-e-type=\"column\">\n\t\t\t<div class=\"elementor-widget-wrap elementor-element-populated\">\n\t\t\t\t\t\t<div class=\"elementor-element elementor-element-537a9bb elementor-widget elementor-widget-image-gallery\" data-id=\"537a9bb\" data-element_type=\"widget\" data-e-type=\"widget\" data-widget_type=\"image-gallery.default\">\n\t\t\t\t<div class=\"elementor-widget-container\">\n\t\t\t\t\t\t\t<div class=\"elementor-image-gallery\">\n\t\t\t<div id='gallery-1' class='gallery galleryid-6593 gallery-columns-5 gallery-size-large'><figure class='gallery-item'>\n\t\t\t<div class='gallery-icon landscape'>\n\t\t\t\t<a data-elementor-open-lightbox=\"yes\" data-elementor-lightbox-slideshow=\"537a9bb\" data-elementor-lightbox-title=\"Evento en el ifema de Madrid con la marca EY\" data-e-action-hash=\"#elementor-action%3Aaction%3Dlightbox%26settings%3DeyJpZCI6NjYwNywidXJsIjoiaHR0cHM6XC9cL3ZhMzYxLmNvbVwvd3AtY29udGVudFwvdXBsb2Fkc1wvRXZlbnRvLWVuLWVsLWlmZW1hLWRlLU1hZHJpZC1jb24tbGEtbWFyY2EtRVktMy5qcGciLCJzbGlkZXNob3ciOiI1MzdhOWJiIn0%3D\" href='https:\/\/va361.com\/wp-content\/uploads\/Evento-en-el-ifema-de-Madrid-con-la-marca-EY-3.jpg'><img fetchpriority=\"high\" decoding=\"async\" width=\"1024\" height=\"768\" src=\"https:\/\/va361.com\/wp-content\/uploads\/Evento-en-el-ifema-de-Madrid-con-la-marca-EY-3-1024x768.jpg\" class=\"attachment-large size-large\" alt=\"\" srcset=\"https:\/\/va361.com\/wp-content\/uploads\/Evento-en-el-ifema-de-Madrid-con-la-marca-EY-3-1024x768.jpg 1024w, https:\/\/va361.com\/wp-content\/uploads\/Evento-en-el-ifema-de-Madrid-con-la-marca-EY-3-300x225.jpg 300w, https:\/\/va361.com\/wp-content\/uploads\/Evento-en-el-ifema-de-Madrid-con-la-marca-EY-3-768x576.jpg 768w, https:\/\/va361.com\/wp-content\/uploads\/Evento-en-el-ifema-de-Madrid-con-la-marca-EY-3-1536x1152.jpg 1536w, https:\/\/va361.com\/wp-content\/uploads\/Evento-en-el-ifema-de-Madrid-con-la-marca-EY-3-16x12.jpg 16w, https:\/\/va361.com\/wp-content\/uploads\/Evento-en-el-ifema-de-Madrid-con-la-marca-EY-3.jpg 1600w\" sizes=\"(max-width: 1024px) 100vw, 1024px\" \/><\/a>\n\t\t\t<\/div><\/figure><figure class='gallery-item'>\n\t\t\t<div class='gallery-icon landscape'>\n\t\t\t\t<a data-elementor-open-lightbox=\"yes\" data-elementor-lightbox-slideshow=\"537a9bb\" data-elementor-lightbox-title=\"Evento en el ifema de Madrid con la marca EY (2)\" data-e-action-hash=\"#elementor-action%3Aaction%3Dlightbox%26settings%3DeyJpZCI6NjYwOCwidXJsIjoiaHR0cHM6XC9cL3ZhMzYxLmNvbVwvd3AtY29udGVudFwvdXBsb2Fkc1wvRXZlbnRvLWVuLWVsLWlmZW1hLWRlLU1hZHJpZC1jb24tbGEtbWFyY2EtRVktMi0xLmpwZyIsInNsaWRlc2hvdyI6IjUzN2E5YmIifQ%3D%3D\" href='https:\/\/va361.com\/wp-content\/uploads\/Evento-en-el-ifema-de-Madrid-con-la-marca-EY-2-1.jpg'><img decoding=\"async\" width=\"1024\" height=\"768\" data-src=\"https:\/\/va361.com\/wp-content\/uploads\/Evento-en-el-ifema-de-Madrid-con-la-marca-EY-2-1-1024x768.jpg\" class=\"attachment-large size-large lazyload\" alt=\"\" data-srcset=\"https:\/\/va361.com\/wp-content\/uploads\/Evento-en-el-ifema-de-Madrid-con-la-marca-EY-2-1-1024x768.jpg 1024w, https:\/\/va361.com\/wp-content\/uploads\/Evento-en-el-ifema-de-Madrid-con-la-marca-EY-2-1-300x225.jpg 300w, https:\/\/va361.com\/wp-content\/uploads\/Evento-en-el-ifema-de-Madrid-con-la-marca-EY-2-1-768x576.jpg 768w, https:\/\/va361.com\/wp-content\/uploads\/Evento-en-el-ifema-de-Madrid-con-la-marca-EY-2-1-1536x1152.jpg 1536w, https:\/\/va361.com\/wp-content\/uploads\/Evento-en-el-ifema-de-Madrid-con-la-marca-EY-2-1-16x12.jpg 16w, https:\/\/va361.com\/wp-content\/uploads\/Evento-en-el-ifema-de-Madrid-con-la-marca-EY-2-1.jpg 1600w\" data-sizes=\"(max-width: 1024px) 100vw, 1024px\" src=\"data:image\/svg+xml;base64,PHN2ZyB3aWR0aD0iMSIgaGVpZ2h0PSIxIiB4bWxucz0iaHR0cDovL3d3dy53My5vcmcvMjAwMC9zdmciPjwvc3ZnPg==\" style=\"--smush-placeholder-width: 1024px; --smush-placeholder-aspect-ratio: 1024\/768;\" \/><\/a>\n\t\t\t<\/div><\/figure><figure class='gallery-item'>\n\t\t\t<div class='gallery-icon landscape'>\n\t\t\t\t<a data-elementor-open-lightbox=\"yes\" data-elementor-lightbox-slideshow=\"537a9bb\" data-elementor-lightbox-title=\"Evento en el ifema de Madrid con la marca EY (4)\" data-e-action-hash=\"#elementor-action%3Aaction%3Dlightbox%26settings%3DeyJpZCI6NjYxMCwidXJsIjoiaHR0cHM6XC9cL3ZhMzYxLmNvbVwvd3AtY29udGVudFwvdXBsb2Fkc1wvRXZlbnRvLWVuLWVsLWlmZW1hLWRlLU1hZHJpZC1jb24tbGEtbWFyY2EtRVktNC5qcGciLCJzbGlkZXNob3ciOiI1MzdhOWJiIn0%3D\" href='https:\/\/va361.com\/wp-content\/uploads\/Evento-en-el-ifema-de-Madrid-con-la-marca-EY-4.jpg'><img decoding=\"async\" width=\"1024\" height=\"768\" data-src=\"https:\/\/va361.com\/wp-content\/uploads\/Evento-en-el-ifema-de-Madrid-con-la-marca-EY-4-1024x768.jpg\" class=\"attachment-large size-large lazyload\" alt=\"\" data-srcset=\"https:\/\/va361.com\/wp-content\/uploads\/Evento-en-el-ifema-de-Madrid-con-la-marca-EY-4-1024x768.jpg 1024w, https:\/\/va361.com\/wp-content\/uploads\/Evento-en-el-ifema-de-Madrid-con-la-marca-EY-4-300x225.jpg 300w, https:\/\/va361.com\/wp-content\/uploads\/Evento-en-el-ifema-de-Madrid-con-la-marca-EY-4-768x576.jpg 768w, https:\/\/va361.com\/wp-content\/uploads\/Evento-en-el-ifema-de-Madrid-con-la-marca-EY-4-1536x1152.jpg 1536w, https:\/\/va361.com\/wp-content\/uploads\/Evento-en-el-ifema-de-Madrid-con-la-marca-EY-4-16x12.jpg 16w, https:\/\/va361.com\/wp-content\/uploads\/Evento-en-el-ifema-de-Madrid-con-la-marca-EY-4.jpg 1600w\" data-sizes=\"(max-width: 1024px) 100vw, 1024px\" src=\"data:image\/svg+xml;base64,PHN2ZyB3aWR0aD0iMSIgaGVpZ2h0PSIxIiB4bWxucz0iaHR0cDovL3d3dy53My5vcmcvMjAwMC9zdmciPjwvc3ZnPg==\" style=\"--smush-placeholder-width: 1024px; --smush-placeholder-aspect-ratio: 1024\/768;\" \/><\/a>\n\t\t\t<\/div><\/figure><figure class='gallery-item'>\n\t\t\t<div class='gallery-icon landscape'>\n\t\t\t\t<a data-elementor-open-lightbox=\"yes\" data-elementor-lightbox-slideshow=\"537a9bb\" data-elementor-lightbox-title=\"Evento en el ifema de Madrid con la marca EY (6)\" data-e-action-hash=\"#elementor-action%3Aaction%3Dlightbox%26settings%3DeyJpZCI6NjYwMSwidXJsIjoiaHR0cHM6XC9cL3ZhMzYxLmNvbVwvd3AtY29udGVudFwvdXBsb2Fkc1wvRXZlbnRvLWVuLWVsLWlmZW1hLWRlLU1hZHJpZC1jb24tbGEtbWFyY2EtRVktNi5qcGciLCJzbGlkZXNob3ciOiI1MzdhOWJiIn0%3D\" href='https:\/\/va361.com\/wp-content\/uploads\/Evento-en-el-ifema-de-Madrid-con-la-marca-EY-6.jpg'><img decoding=\"async\" width=\"1024\" height=\"768\" data-src=\"https:\/\/va361.com\/wp-content\/uploads\/Evento-en-el-ifema-de-Madrid-con-la-marca-EY-6-1024x768.jpg\" class=\"attachment-large size-large lazyload\" alt=\"\" data-srcset=\"https:\/\/va361.com\/wp-content\/uploads\/Evento-en-el-ifema-de-Madrid-con-la-marca-EY-6-1024x768.jpg 1024w, https:\/\/va361.com\/wp-content\/uploads\/Evento-en-el-ifema-de-Madrid-con-la-marca-EY-6-300x225.jpg 300w, https:\/\/va361.com\/wp-content\/uploads\/Evento-en-el-ifema-de-Madrid-con-la-marca-EY-6-768x576.jpg 768w, https:\/\/va361.com\/wp-content\/uploads\/Evento-en-el-ifema-de-Madrid-con-la-marca-EY-6-1536x1152.jpg 1536w, https:\/\/va361.com\/wp-content\/uploads\/Evento-en-el-ifema-de-Madrid-con-la-marca-EY-6-16x12.jpg 16w, https:\/\/va361.com\/wp-content\/uploads\/Evento-en-el-ifema-de-Madrid-con-la-marca-EY-6.jpg 1600w\" data-sizes=\"(max-width: 1024px) 100vw, 1024px\" src=\"data:image\/svg+xml;base64,PHN2ZyB3aWR0aD0iMSIgaGVpZ2h0PSIxIiB4bWxucz0iaHR0cDovL3d3dy53My5vcmcvMjAwMC9zdmciPjwvc3ZnPg==\" style=\"--smush-placeholder-width: 1024px; --smush-placeholder-aspect-ratio: 1024\/768;\" \/><\/a>\n\t\t\t<\/div><\/figure><figure class='gallery-item'>\n\t\t\t<div class='gallery-icon landscape'>\n\t\t\t\t<a data-elementor-open-lightbox=\"yes\" data-elementor-lightbox-slideshow=\"537a9bb\" data-elementor-lightbox-title=\"Evento en el ifema de Madrid con la marca EY (7)\" data-e-action-hash=\"#elementor-action%3Aaction%3Dlightbox%26settings%3DeyJpZCI6NjYwMiwidXJsIjoiaHR0cHM6XC9cL3ZhMzYxLmNvbVwvd3AtY29udGVudFwvdXBsb2Fkc1wvRXZlbnRvLWVuLWVsLWlmZW1hLWRlLU1hZHJpZC1jb24tbGEtbWFyY2EtRVktNy5qcGciLCJzbGlkZXNob3ciOiI1MzdhOWJiIn0%3D\" href='https:\/\/va361.com\/wp-content\/uploads\/Evento-en-el-ifema-de-Madrid-con-la-marca-EY-7.jpg'><img decoding=\"async\" width=\"1024\" height=\"768\" data-src=\"https:\/\/va361.com\/wp-content\/uploads\/Evento-en-el-ifema-de-Madrid-con-la-marca-EY-7-1024x768.jpg\" class=\"attachment-large size-large lazyload\" alt=\"\" data-srcset=\"https:\/\/va361.com\/wp-content\/uploads\/Evento-en-el-ifema-de-Madrid-con-la-marca-EY-7-1024x768.jpg 1024w, https:\/\/va361.com\/wp-content\/uploads\/Evento-en-el-ifema-de-Madrid-con-la-marca-EY-7-300x225.jpg 300w, https:\/\/va361.com\/wp-content\/uploads\/Evento-en-el-ifema-de-Madrid-con-la-marca-EY-7-768x576.jpg 768w, https:\/\/va361.com\/wp-content\/uploads\/Evento-en-el-ifema-de-Madrid-con-la-marca-EY-7-1536x1152.jpg 1536w, https:\/\/va361.com\/wp-content\/uploads\/Evento-en-el-ifema-de-Madrid-con-la-marca-EY-7-16x12.jpg 16w, https:\/\/va361.com\/wp-content\/uploads\/Evento-en-el-ifema-de-Madrid-con-la-marca-EY-7.jpg 1600w\" data-sizes=\"(max-width: 1024px) 100vw, 1024px\" src=\"data:image\/svg+xml;base64,PHN2ZyB3aWR0aD0iMSIgaGVpZ2h0PSIxIiB4bWxucz0iaHR0cDovL3d3dy53My5vcmcvMjAwMC9zdmciPjwvc3ZnPg==\" style=\"--smush-placeholder-width: 1024px; --smush-placeholder-aspect-ratio: 1024\/768;\" \/><\/a>\n\t\t\t<\/div><\/figure><figure class='gallery-item'>\n\t\t\t<div class='gallery-icon landscape'>\n\t\t\t\t<a data-elementor-open-lightbox=\"yes\" data-elementor-lightbox-slideshow=\"537a9bb\" data-elementor-lightbox-title=\"Evento en el ifema de Madrid con la marca EY (10)\" data-e-action-hash=\"#elementor-action%3Aaction%3Dlightbox%26settings%3DeyJpZCI6NjYwNSwidXJsIjoiaHR0cHM6XC9cL3ZhMzYxLmNvbVwvd3AtY29udGVudFwvdXBsb2Fkc1wvRXZlbnRvLWVuLWVsLWlmZW1hLWRlLU1hZHJpZC1jb24tbGEtbWFyY2EtRVktMTAuanBnIiwic2xpZGVzaG93IjoiNTM3YTliYiJ9\" href='https:\/\/va361.com\/wp-content\/uploads\/Evento-en-el-ifema-de-Madrid-con-la-marca-EY-10.jpg'><img decoding=\"async\" width=\"1024\" height=\"768\" data-src=\"https:\/\/va361.com\/wp-content\/uploads\/Evento-en-el-ifema-de-Madrid-con-la-marca-EY-10-1024x768.jpg\" class=\"attachment-large size-large lazyload\" alt=\"\" data-srcset=\"https:\/\/va361.com\/wp-content\/uploads\/Evento-en-el-ifema-de-Madrid-con-la-marca-EY-10-1024x768.jpg 1024w, https:\/\/va361.com\/wp-content\/uploads\/Evento-en-el-ifema-de-Madrid-con-la-marca-EY-10-300x225.jpg 300w, https:\/\/va361.com\/wp-content\/uploads\/Evento-en-el-ifema-de-Madrid-con-la-marca-EY-10-768x576.jpg 768w, https:\/\/va361.com\/wp-content\/uploads\/Evento-en-el-ifema-de-Madrid-con-la-marca-EY-10-1536x1152.jpg 1536w, https:\/\/va361.com\/wp-content\/uploads\/Evento-en-el-ifema-de-Madrid-con-la-marca-EY-10-16x12.jpg 16w, https:\/\/va361.com\/wp-content\/uploads\/Evento-en-el-ifema-de-Madrid-con-la-marca-EY-10.jpg 1600w\" data-sizes=\"(max-width: 1024px) 100vw, 1024px\" src=\"data:image\/svg+xml;base64,PHN2ZyB3aWR0aD0iMSIgaGVpZ2h0PSIxIiB4bWxucz0iaHR0cDovL3d3dy53My5vcmcvMjAwMC9zdmciPjwvc3ZnPg==\" style=\"--smush-placeholder-width: 1024px; --smush-placeholder-aspect-ratio: 1024\/768;\" \/><\/a>\n\t\t\t<\/div><\/figure><figure class='gallery-item'>\n\t\t\t<div class='gallery-icon landscape'>\n\t\t\t\t<a data-elementor-open-lightbox=\"yes\" data-elementor-lightbox-slideshow=\"537a9bb\" data-elementor-lightbox-title=\"Evento en el ifema de Madrid con la marca EY (11)\" data-e-action-hash=\"#elementor-action%3Aaction%3Dlightbox%26settings%3DeyJpZCI6NjYwNiwidXJsIjoiaHR0cHM6XC9cL3ZhMzYxLmNvbVwvd3AtY29udGVudFwvdXBsb2Fkc1wvRXZlbnRvLWVuLWVsLWlmZW1hLWRlLU1hZHJpZC1jb24tbGEtbWFyY2EtRVktMTEuanBnIiwic2xpZGVzaG93IjoiNTM3YTliYiJ9\" href='https:\/\/va361.com\/wp-content\/uploads\/Evento-en-el-ifema-de-Madrid-con-la-marca-EY-11.jpg'><img decoding=\"async\" width=\"1024\" height=\"768\" data-src=\"https:\/\/va361.com\/wp-content\/uploads\/Evento-en-el-ifema-de-Madrid-con-la-marca-EY-11-1024x768.jpg\" class=\"attachment-large size-large lazyload\" alt=\"\" data-srcset=\"https:\/\/va361.com\/wp-content\/uploads\/Evento-en-el-ifema-de-Madrid-con-la-marca-EY-11-1024x768.jpg 1024w, https:\/\/va361.com\/wp-content\/uploads\/Evento-en-el-ifema-de-Madrid-con-la-marca-EY-11-300x225.jpg 300w, https:\/\/va361.com\/wp-content\/uploads\/Evento-en-el-ifema-de-Madrid-con-la-marca-EY-11-768x576.jpg 768w, https:\/\/va361.com\/wp-content\/uploads\/Evento-en-el-ifema-de-Madrid-con-la-marca-EY-11-1536x1152.jpg 1536w, https:\/\/va361.com\/wp-content\/uploads\/Evento-en-el-ifema-de-Madrid-con-la-marca-EY-11-16x12.jpg 16w, https:\/\/va361.com\/wp-content\/uploads\/Evento-en-el-ifema-de-Madrid-con-la-marca-EY-11.jpg 1600w\" data-sizes=\"(max-width: 1024px) 100vw, 1024px\" src=\"data:image\/svg+xml;base64,PHN2ZyB3aWR0aD0iMSIgaGVpZ2h0PSIxIiB4bWxucz0iaHR0cDovL3d3dy53My5vcmcvMjAwMC9zdmciPjwvc3ZnPg==\" style=\"--smush-placeholder-width: 1024px; --smush-placeholder-aspect-ratio: 1024\/768;\" \/><\/a>\n\t\t\t<\/div><\/figure><figure class='gallery-item'>\n\t\t\t<div class='gallery-icon landscape'>\n\t\t\t\t<a data-elementor-open-lightbox=\"yes\" data-elementor-lightbox-slideshow=\"537a9bb\" data-elementor-lightbox-title=\"Evento en el ifema de Madrid con la marca EY (5)\" data-e-action-hash=\"#elementor-action%3Aaction%3Dlightbox%26settings%3DeyJpZCI6NjYxMSwidXJsIjoiaHR0cHM6XC9cL3ZhMzYxLmNvbVwvd3AtY29udGVudFwvdXBsb2Fkc1wvRXZlbnRvLWVuLWVsLWlmZW1hLWRlLU1hZHJpZC1jb24tbGEtbWFyY2EtRVktNS5qcGciLCJzbGlkZXNob3ciOiI1MzdhOWJiIn0%3D\" href='https:\/\/va361.com\/wp-content\/uploads\/Evento-en-el-ifema-de-Madrid-con-la-marca-EY-5.jpg'><img decoding=\"async\" width=\"1024\" height=\"768\" data-src=\"https:\/\/va361.com\/wp-content\/uploads\/Evento-en-el-ifema-de-Madrid-con-la-marca-EY-5-1024x768.jpg\" class=\"attachment-large size-large lazyload\" alt=\"\" data-srcset=\"https:\/\/va361.com\/wp-content\/uploads\/Evento-en-el-ifema-de-Madrid-con-la-marca-EY-5-1024x768.jpg 1024w, https:\/\/va361.com\/wp-content\/uploads\/Evento-en-el-ifema-de-Madrid-con-la-marca-EY-5-300x225.jpg 300w, https:\/\/va361.com\/wp-content\/uploads\/Evento-en-el-ifema-de-Madrid-con-la-marca-EY-5-768x576.jpg 768w, https:\/\/va361.com\/wp-content\/uploads\/Evento-en-el-ifema-de-Madrid-con-la-marca-EY-5-1536x1152.jpg 1536w, https:\/\/va361.com\/wp-content\/uploads\/Evento-en-el-ifema-de-Madrid-con-la-marca-EY-5-16x12.jpg 16w, https:\/\/va361.com\/wp-content\/uploads\/Evento-en-el-ifema-de-Madrid-con-la-marca-EY-5.jpg 1600w\" data-sizes=\"(max-width: 1024px) 100vw, 1024px\" src=\"data:image\/svg+xml;base64,PHN2ZyB3aWR0aD0iMSIgaGVpZ2h0PSIxIiB4bWxucz0iaHR0cDovL3d3dy53My5vcmcvMjAwMC9zdmciPjwvc3ZnPg==\" style=\"--smush-placeholder-width: 1024px; --smush-placeholder-aspect-ratio: 1024\/768;\" \/><\/a>\n\t\t\t<\/div><\/figure><figure class='gallery-item'>\n\t\t\t<div class='gallery-icon landscape'>\n\t\t\t\t<a data-elementor-open-lightbox=\"yes\" data-elementor-lightbox-slideshow=\"537a9bb\" data-elementor-lightbox-title=\"Eventos y convenciones IFEMA Madrid (8)\" data-e-action-hash=\"#elementor-action%3Aaction%3Dlightbox%26settings%3DeyJpZCI6NjU1OCwidXJsIjoiaHR0cHM6XC9cL3ZhMzYxLmNvbVwvd3AtY29udGVudFwvdXBsb2Fkc1wvRXZlbnRvcy15LWNvbnZlbmNpb25lcy1JRkVNQS1NYWRyaWQtOC5qcGciLCJzbGlkZXNob3ciOiI1MzdhOWJiIn0%3D\" href='https:\/\/va361.com\/wp-content\/uploads\/Eventos-y-convenciones-IFEMA-Madrid-8.jpg'><img decoding=\"async\" width=\"1024\" height=\"768\" data-src=\"https:\/\/va361.com\/wp-content\/uploads\/Eventos-y-convenciones-IFEMA-Madrid-8.jpg\" class=\"attachment-large size-large lazyload\" alt=\"Events and conventions IFEMA Madrid\" data-srcset=\"https:\/\/va361.com\/wp-content\/uploads\/Eventos-y-convenciones-IFEMA-Madrid-8.jpg 1024w, https:\/\/va361.com\/wp-content\/uploads\/Eventos-y-convenciones-IFEMA-Madrid-8-300x225.jpg 300w, https:\/\/va361.com\/wp-content\/uploads\/Eventos-y-convenciones-IFEMA-Madrid-8-768x576.jpg 768w, https:\/\/va361.com\/wp-content\/uploads\/Eventos-y-convenciones-IFEMA-Madrid-8-16x12.jpg 16w\" data-sizes=\"(max-width: 1024px) 100vw, 1024px\" src=\"data:image\/svg+xml;base64,PHN2ZyB3aWR0aD0iMSIgaGVpZ2h0PSIxIiB4bWxucz0iaHR0cDovL3d3dy53My5vcmcvMjAwMC9zdmciPjwvc3ZnPg==\" style=\"--smush-placeholder-width: 1024px; --smush-placeholder-aspect-ratio: 1024\/768;\" \/><\/a>\n\t\t\t<\/div><\/figure><figure class='gallery-item'>\n\t\t\t<div class='gallery-icon landscape'>\n\t\t\t\t<a data-elementor-open-lightbox=\"yes\" data-elementor-lightbox-slideshow=\"537a9bb\" data-elementor-lightbox-title=\"Evento en el ifema de Madrid con la marca EY\" data-e-action-hash=\"#elementor-action%3Aaction%3Dlightbox%26settings%3DeyJpZCI6NjU5NSwidXJsIjoiaHR0cHM6XC9cL3ZhMzYxLmNvbVwvd3AtY29udGVudFwvdXBsb2Fkc1wvRXZlbnRvLWVuLWVsLWlmZW1hLWRlLU1hZHJpZC1jb24tbGEtbWFyY2EtRVkuanBnIiwic2xpZGVzaG93IjoiNTM3YTliYiJ9\" href='https:\/\/va361.com\/wp-content\/uploads\/Evento-en-el-ifema-de-Madrid-con-la-marca-EY.jpg'><img decoding=\"async\" width=\"1024\" height=\"768\" data-src=\"https:\/\/va361.com\/wp-content\/uploads\/Evento-en-el-ifema-de-Madrid-con-la-marca-EY.jpg\" class=\"attachment-large size-large lazyload\" alt=\"Event at ifema in Madrid with the EY brand\" data-srcset=\"https:\/\/va361.com\/wp-content\/uploads\/Evento-en-el-ifema-de-Madrid-con-la-marca-EY.jpg 1024w, https:\/\/va361.com\/wp-content\/uploads\/Evento-en-el-ifema-de-Madrid-con-la-marca-EY-300x225.jpg 300w, https:\/\/va361.com\/wp-content\/uploads\/Evento-en-el-ifema-de-Madrid-con-la-marca-EY-768x576.jpg 768w, https:\/\/va361.com\/wp-content\/uploads\/Evento-en-el-ifema-de-Madrid-con-la-marca-EY-16x12.jpg 16w\" data-sizes=\"(max-width: 1024px) 100vw, 1024px\" src=\"data:image\/svg+xml;base64,PHN2ZyB3aWR0aD0iMSIgaGVpZ2h0PSIxIiB4bWxucz0iaHR0cDovL3d3dy53My5vcmcvMjAwMC9zdmciPjwvc3ZnPg==\" style=\"--smush-placeholder-width: 1024px; --smush-placeholder-aspect-ratio: 1024\/768;\" \/><\/a>\n\t\t\t<\/div><\/figure><figure class='gallery-item'>\n\t\t\t<div class='gallery-icon landscape'>\n\t\t\t\t<a data-elementor-open-lightbox=\"yes\" data-elementor-lightbox-slideshow=\"537a9bb\" data-elementor-lightbox-title=\"Evento en el ifema de madrid con la marca EY (12)\" data-e-action-hash=\"#elementor-action%3Aaction%3Dlightbox%26settings%3DeyJpZCI6NjYxMiwidXJsIjoiaHR0cHM6XC9cL3ZhMzYxLmNvbVwvd3AtY29udGVudFwvdXBsb2Fkc1wvRXZlbnRvLWVuLWVsLWlmZW1hLWRlLW1hZHJpZC1jb24tbGEtbWFyY2EtRVktMTIuanBnIiwic2xpZGVzaG93IjoiNTM3YTliYiJ9\" href='https:\/\/va361.com\/wp-content\/uploads\/Evento-en-el-ifema-de-madrid-con-la-marca-EY-12.jpg'><img decoding=\"async\" width=\"1024\" height=\"576\" data-src=\"https:\/\/va361.com\/wp-content\/uploads\/Evento-en-el-ifema-de-madrid-con-la-marca-EY-12-1024x576.jpg\" class=\"attachment-large size-large lazyload\" alt=\"\" data-srcset=\"https:\/\/va361.com\/wp-content\/uploads\/Evento-en-el-ifema-de-madrid-con-la-marca-EY-12-1024x576.jpg 1024w, https:\/\/va361.com\/wp-content\/uploads\/Evento-en-el-ifema-de-madrid-con-la-marca-EY-12-300x169.jpg 300w, https:\/\/va361.com\/wp-content\/uploads\/Evento-en-el-ifema-de-madrid-con-la-marca-EY-12-768x432.jpg 768w, https:\/\/va361.com\/wp-content\/uploads\/Evento-en-el-ifema-de-madrid-con-la-marca-EY-12-1536x864.jpg 1536w, https:\/\/va361.com\/wp-content\/uploads\/Evento-en-el-ifema-de-madrid-con-la-marca-EY-12-18x10.jpg 18w, https:\/\/va361.com\/wp-content\/uploads\/Evento-en-el-ifema-de-madrid-con-la-marca-EY-12.jpg 1600w\" data-sizes=\"(max-width: 1024px) 100vw, 1024px\" src=\"data:image\/svg+xml;base64,PHN2ZyB3aWR0aD0iMSIgaGVpZ2h0PSIxIiB4bWxucz0iaHR0cDovL3d3dy53My5vcmcvMjAwMC9zdmciPjwvc3ZnPg==\" style=\"--smush-placeholder-width: 1024px; --smush-placeholder-aspect-ratio: 1024\/576;\" \/><\/a>\n\t\t\t<\/div><\/figure><figure class='gallery-item'>\n\t\t\t<div class='gallery-icon landscape'>\n\t\t\t\t<a data-elementor-open-lightbox=\"yes\" data-elementor-lightbox-slideshow=\"537a9bb\" data-elementor-lightbox-title=\"Evento en el ifema de Madrid con la marca EY\" data-e-action-hash=\"#elementor-action%3Aaction%3Dlightbox%26settings%3DeyJpZCI6NjU5NywidXJsIjoiaHR0cHM6XC9cL3ZhMzYxLmNvbVwvd3AtY29udGVudFwvdXBsb2Fkc1wvRXZlbnRvLWVuLWVsLWlmZW1hLWRlLU1hZHJpZC1jb24tbGEtbWFyY2EtRVktMS5qcGciLCJzbGlkZXNob3ciOiI1MzdhOWJiIn0%3D\" href='https:\/\/va361.com\/wp-content\/uploads\/Evento-en-el-ifema-de-Madrid-con-la-marca-EY-1.jpg'><img decoding=\"async\" width=\"1024\" height=\"576\" data-src=\"https:\/\/va361.com\/wp-content\/uploads\/Evento-en-el-ifema-de-Madrid-con-la-marca-EY-1-1024x576.jpg\" class=\"attachment-large size-large lazyload\" alt=\"Event at ifema in Madrid with the EY brand\" data-srcset=\"https:\/\/va361.com\/wp-content\/uploads\/Evento-en-el-ifema-de-Madrid-con-la-marca-EY-1-1024x576.jpg 1024w, https:\/\/va361.com\/wp-content\/uploads\/Evento-en-el-ifema-de-Madrid-con-la-marca-EY-1-300x169.jpg 300w, https:\/\/va361.com\/wp-content\/uploads\/Evento-en-el-ifema-de-Madrid-con-la-marca-EY-1-768x432.jpg 768w, https:\/\/va361.com\/wp-content\/uploads\/Evento-en-el-ifema-de-Madrid-con-la-marca-EY-1-1536x864.jpg 1536w, https:\/\/va361.com\/wp-content\/uploads\/Evento-en-el-ifema-de-Madrid-con-la-marca-EY-1-18x10.jpg 18w, https:\/\/va361.com\/wp-content\/uploads\/Evento-en-el-ifema-de-Madrid-con-la-marca-EY-1.jpg 1600w\" data-sizes=\"(max-width: 1024px) 100vw, 1024px\" src=\"data:image\/svg+xml;base64,PHN2ZyB3aWR0aD0iMSIgaGVpZ2h0PSIxIiB4bWxucz0iaHR0cDovL3d3dy53My5vcmcvMjAwMC9zdmciPjwvc3ZnPg==\" style=\"--smush-placeholder-width: 1024px; --smush-placeholder-aspect-ratio: 1024\/576;\" \/><\/a>\n\t\t\t<\/div><\/figure>\n\t\t<\/div>\n\t\t<\/div>\n\t\t\t\t\t\t<\/div>\n\t\t\t\t<\/div>\n\t\t\t\t\t<\/div>\n\t\t<\/div>\n\t\t\t\t\t<\/div>\n\t\t<\/section>\n\t\t\t\t<section class=\"elementor-section elementor-top-section elementor-element elementor-element-efe427c elementor-section-stretched elementor-section-full_width elementor-section-height-default elementor-section-height-default\" data-id=\"efe427c\" data-element_type=\"section\" data-e-type=\"section\" data-settings=\"{&quot;stretch_section&quot;:&quot;section-stretched&quot;}\">\n\t\t\t\t\t\t<div class=\"elementor-container elementor-column-gap-default\">\n\t\t\t\t\t<div class=\"elementor-column elementor-col-100 elementor-top-column elementor-element elementor-element-05d051b\" data-id=\"05d051b\" data-element_type=\"column\" data-e-type=\"column\">\n\t\t\t<div class=\"elementor-widget-wrap elementor-element-populated\">\n\t\t\t\t\t\t<div class=\"elementor-element elementor-element-8bb142c elementor-widget elementor-widget-text-editor\" data-id=\"8bb142c\" data-element_type=\"widget\" data-e-type=\"widget\" data-widget_type=\"text-editor.default\">\n\t\t\t\t<div class=\"elementor-widget-container\">\n\t\t\t\t\t\t\t\t\t\t\t<div data-elementor-type=\"section\" data-elementor-id=\"2707\" class=\"elementor elementor-2707\" data-elementor-post-type=\"elementor_library\">\n\t\t\t\t\t<section class=\"elementor-section elementor-top-section elementor-element elementor-element-174c0d3 elementor-section-stretched elementor-section-full_width elementor-section-height-default elementor-section-height-default\" data-id=\"174c0d3\" data-element_type=\"section\" data-e-type=\"section\" data-settings=\"{&quot;stretch_section&quot;:&quot;section-stretched&quot;}\">\n\t\t\t\t\t\t<div class=\"elementor-container elementor-column-gap-default\">\n\t\t\t\t\t<div class=\"elementor-column elementor-col-100 elementor-top-column elementor-element elementor-element-3ba5458\" data-id=\"3ba5458\" data-element_type=\"column\" data-e-type=\"column\">\n\t\t\t<div class=\"elementor-widget-wrap elementor-element-populated\">\n\t\t\t\t\t\t<div class=\"elementor-element elementor-element-1bcfa66 elementor-grid-5 elementor-grid-tablet-2 elementor-grid-mobile-1 elementor-posts--thumbnail-top elementor-card-shadow-yes elementor-posts__hover-gradient elementor-widget elementor-widget-posts\" data-id=\"1bcfa66\" data-element_type=\"widget\" data-e-type=\"widget\" data-settings=\"{&quot;cards_columns&quot;:&quot;5&quot;,&quot;cards_columns_tablet&quot;:&quot;2&quot;,&quot;cards_columns_mobile&quot;:&quot;1&quot;,&quot;cards_row_gap&quot;:{&quot;unit&quot;:&quot;px&quot;,&quot;size&quot;:35,&quot;sizes&quot;:[]},&quot;cards_row_gap_tablet&quot;:{&quot;unit&quot;:&quot;px&quot;,&quot;size&quot;:&quot;&quot;,&quot;sizes&quot;:[]},&quot;cards_row_gap_mobile&quot;:{&quot;unit&quot;:&quot;px&quot;,&quot;size&quot;:&quot;&quot;,&quot;sizes&quot;:[]}}\" data-widget_type=\"posts.cards\">\n\t\t\t\t<div class=\"elementor-widget-container\">\n\t\t\t\t\t\t\t<div class=\"elementor-posts-container elementor-posts elementor-posts--skin-cards elementor-grid\" role=\"list\">\n\t\t\t\t<article class=\"elementor-post elementor-grid-item post-8467 post type-post status-publish format-standard has-post-thumbnail hentry category-portafolio\" role=\"listitem\">\n\t\t\t<div class=\"elementor-post__card\">\n\t\t\t\t<a class=\"elementor-post__thumbnail__link\" href=\"https:\/\/va361.com\/en\/blog\/oracle-madrid\/\" tabindex=\"-1\" ><div class=\"elementor-post__thumbnail\"><img decoding=\"async\" width=\"300\" height=\"225\" data-src=\"https:\/\/va361.com\/wp-content\/uploads\/Evento-de-la-marca-Oracle-en-el-hotel-puerta-america-de-Madrid-2-300x225.jpg\" class=\"attachment-medium size-medium wp-image-8468 lazyload\" alt=\"Oracle brand event at the hotel puerta am\u00e9rica in Madrid\" src=\"data:image\/svg+xml;base64,PHN2ZyB3aWR0aD0iMSIgaGVpZ2h0PSIxIiB4bWxucz0iaHR0cDovL3d3dy53My5vcmcvMjAwMC9zdmciPjwvc3ZnPg==\" style=\"--smush-placeholder-width: 300px; --smush-placeholder-aspect-ratio: 300\/225;\" \/><\/div><\/a>\n\t\t\t\t<div class=\"elementor-post__text\">\n\t\t\t\t<p class=\"elementor-post__title\">\n\t\t\t<a href=\"https:\/\/va361.com\/en\/blog\/oracle-madrid\/\" >\n\t\t\t\tORACLE- MADRID\t\t\t<\/a>\n\t\t<\/p>\n\t\t\t\t<\/div>\n\t\t\t\t\t<\/div>\n\t\t<\/article>\n\t\t\t\t<article class=\"elementor-post elementor-grid-item post-9252 post type-post status-publish format-standard has-post-thumbnail hentry category-portafolio\" role=\"listitem\">\n\t\t\t<div class=\"elementor-post__card\">\n\t\t\t\t<a class=\"elementor-post__thumbnail__link\" href=\"https:\/\/va361.com\/en\/blog\/bwi-spain\/\" tabindex=\"-1\" ><div class=\"elementor-post__thumbnail\"><img decoding=\"async\" width=\"300\" height=\"225\" data-src=\"https:\/\/va361.com\/wp-content\/uploads\/Evento-corporativo-de-BWI-en-el-hotel-Marriot-de-Madrid-300x225.jpeg\" class=\"attachment-medium size-medium wp-image-9261 lazyload\" alt=\"\" data-srcset=\"https:\/\/va361.com\/wp-content\/uploads\/Evento-corporativo-de-BWI-en-el-hotel-Marriot-de-Madrid-300x225.jpeg 300w, https:\/\/va361.com\/wp-content\/uploads\/Evento-corporativo-de-BWI-en-el-hotel-Marriot-de-Madrid-1024x768.jpeg 1024w, https:\/\/va361.com\/wp-content\/uploads\/Evento-corporativo-de-BWI-en-el-hotel-Marriot-de-Madrid-768x576.jpeg 768w, https:\/\/va361.com\/wp-content\/uploads\/Evento-corporativo-de-BWI-en-el-hotel-Marriot-de-Madrid-1536x1152.jpeg 1536w, https:\/\/va361.com\/wp-content\/uploads\/Evento-corporativo-de-BWI-en-el-hotel-Marriot-de-Madrid-16x12.jpeg 16w, https:\/\/va361.com\/wp-content\/uploads\/Evento-corporativo-de-BWI-en-el-hotel-Marriot-de-Madrid.jpeg 2000w\" data-sizes=\"(max-width: 300px) 100vw, 300px\" src=\"data:image\/svg+xml;base64,PHN2ZyB3aWR0aD0iMSIgaGVpZ2h0PSIxIiB4bWxucz0iaHR0cDovL3d3dy53My5vcmcvMjAwMC9zdmciPjwvc3ZnPg==\" style=\"--smush-placeholder-width: 300px; --smush-placeholder-aspect-ratio: 300\/225;\" \/><\/div><\/a>\n\t\t\t\t<div class=\"elementor-post__text\">\n\t\t\t\t<p class=\"elementor-post__title\">\n\t\t\t<a href=\"https:\/\/va361.com\/en\/blog\/bwi-spain\/\" >\n\t\t\t\tBWI \u2013 SPAIN\t\t\t<\/a>\n\t\t<\/p>\n\t\t\t\t<\/div>\n\t\t\t\t\t<\/div>\n\t\t<\/article>\n\t\t\t\t<article class=\"elementor-post elementor-grid-item post-10769 post type-post status-publish format-standard has-post-thumbnail hentry category-portafolio\" role=\"listitem\">\n\t\t\t<div class=\"elementor-post__card\">\n\t\t\t\t<a class=\"elementor-post__thumbnail__link\" href=\"https:\/\/va361.com\/en\/blog\/itron-malaga\/\" tabindex=\"-1\" ><div class=\"elementor-post__thumbnail\"><img decoding=\"async\" width=\"300\" height=\"225\" data-src=\"https:\/\/va361.com\/wp-content\/uploads\/Produccion-audiovisual-del-evento-itron-en-el-hotel-higueron-de-malaga-300x225.jpeg\" class=\"attachment-medium size-medium wp-image-10770 lazyload\" alt=\"Audiovisual production of the itron event at the hotel higueron in malaga\" data-srcset=\"https:\/\/va361.com\/wp-content\/uploads\/Produccion-audiovisual-del-evento-itron-en-el-hotel-higueron-de-malaga-300x225.jpeg 300w, https:\/\/va361.com\/wp-content\/uploads\/Produccion-audiovisual-del-evento-itron-en-el-hotel-higueron-de-malaga-1024x768.jpeg 1024w, https:\/\/va361.com\/wp-content\/uploads\/Produccion-audiovisual-del-evento-itron-en-el-hotel-higueron-de-malaga-768x576.jpeg 768w, https:\/\/va361.com\/wp-content\/uploads\/Produccion-audiovisual-del-evento-itron-en-el-hotel-higueron-de-malaga-1536x1152.jpeg 1536w, https:\/\/va361.com\/wp-content\/uploads\/Produccion-audiovisual-del-evento-itron-en-el-hotel-higueron-de-malaga-16x12.jpeg 16w, https:\/\/va361.com\/wp-content\/uploads\/Produccion-audiovisual-del-evento-itron-en-el-hotel-higueron-de-malaga.jpeg 2048w\" data-sizes=\"(max-width: 300px) 100vw, 300px\" src=\"data:image\/svg+xml;base64,PHN2ZyB3aWR0aD0iMSIgaGVpZ2h0PSIxIiB4bWxucz0iaHR0cDovL3d3dy53My5vcmcvMjAwMC9zdmciPjwvc3ZnPg==\" style=\"--smush-placeholder-width: 300px; --smush-placeholder-aspect-ratio: 300\/225;\" \/><\/div><\/a>\n\t\t\t\t<div class=\"elementor-post__text\">\n\t\t\t\t<p class=\"elementor-post__title\">\n\t\t\t<a href=\"https:\/\/va361.com\/en\/blog\/itron-malaga\/\" >\n\t\t\t\tITR\u00d3N- M\u00c1LAGA\t\t\t<\/a>\n\t\t<\/p>\n\t\t\t\t<\/div>\n\t\t\t\t\t<\/div>\n\t\t<\/article>\n\t\t\t\t<article class=\"elementor-post elementor-grid-item post-9214 post type-post status-publish format-standard has-post-thumbnail hentry category-portafolio\" role=\"listitem\">\n\t\t\t<div class=\"elementor-post__card\">\n\t\t\t\t<a class=\"elementor-post__thumbnail__link\" href=\"https:\/\/va361.com\/en\/blog\/astrazeneca-spain\/\" tabindex=\"-1\" ><div class=\"elementor-post__thumbnail\"><img decoding=\"async\" width=\"300\" height=\"225\" data-src=\"https:\/\/va361.com\/wp-content\/uploads\/Evento-corporativo-de-la-marca-astra-Zeneca-en-el-hotel-Melia-Avenida-de-America-Madrid-Espana-3-300x225.jpeg\" class=\"attachment-medium size-medium wp-image-9216 lazyload\" alt=\"astra Zeneca branded corporate event at the Mel\u00eda Avenida de Am\u00e9rica Hotel, Madrid, Spain.\" data-srcset=\"https:\/\/va361.com\/wp-content\/uploads\/Evento-corporativo-de-la-marca-astra-Zeneca-en-el-hotel-Melia-Avenida-de-America-Madrid-Espana-3-300x225.jpeg 300w, https:\/\/va361.com\/wp-content\/uploads\/Evento-corporativo-de-la-marca-astra-Zeneca-en-el-hotel-Melia-Avenida-de-America-Madrid-Espana-3-1024x768.jpeg 1024w, https:\/\/va361.com\/wp-content\/uploads\/Evento-corporativo-de-la-marca-astra-Zeneca-en-el-hotel-Melia-Avenida-de-America-Madrid-Espana-3-768x576.jpeg 768w, https:\/\/va361.com\/wp-content\/uploads\/Evento-corporativo-de-la-marca-astra-Zeneca-en-el-hotel-Melia-Avenida-de-America-Madrid-Espana-3-1536x1152.jpeg 1536w, https:\/\/va361.com\/wp-content\/uploads\/Evento-corporativo-de-la-marca-astra-Zeneca-en-el-hotel-Melia-Avenida-de-America-Madrid-Espana-3-16x12.jpeg 16w, https:\/\/va361.com\/wp-content\/uploads\/Evento-corporativo-de-la-marca-astra-Zeneca-en-el-hotel-Melia-Avenida-de-America-Madrid-Espana-3.jpeg 2000w\" data-sizes=\"(max-width: 300px) 100vw, 300px\" src=\"data:image\/svg+xml;base64,PHN2ZyB3aWR0aD0iMSIgaGVpZ2h0PSIxIiB4bWxucz0iaHR0cDovL3d3dy53My5vcmcvMjAwMC9zdmciPjwvc3ZnPg==\" style=\"--smush-placeholder-width: 300px; --smush-placeholder-aspect-ratio: 300\/225;\" \/><\/div><\/a>\n\t\t\t\t<div class=\"elementor-post__text\">\n\t\t\t\t<p class=\"elementor-post__title\">\n\t\t\t<a href=\"https:\/\/va361.com\/en\/blog\/astrazeneca-spain\/\" >\n\t\t\t\tASTRAZENECA - SPAIN\t\t\t<\/a>\n\t\t<\/p>\n\t\t\t\t<\/div>\n\t\t\t\t\t<\/div>\n\t\t<\/article>\n\t\t\t\t<article class=\"elementor-post elementor-grid-item post-3213 post type-post status-publish format-standard has-post-thumbnail hentry category-portafolio\" role=\"listitem\">\n\t\t\t<div class=\"elementor-post__card\">\n\t\t\t\t<a class=\"elementor-post__thumbnail__link\" href=\"https:\/\/va361.com\/en\/blog\/upstage-lisboa\/\" tabindex=\"-1\" ><div class=\"elementor-post__thumbnail\"><img decoding=\"async\" width=\"300\" height=\"225\" data-src=\"https:\/\/va361.com\/wp-content\/uploads\/2017-05-23-23.09.41-300x225.jpg\" class=\"attachment-medium size-medium wp-image-3214 lazyload\" alt=\"\" data-srcset=\"https:\/\/va361.com\/wp-content\/uploads\/2017-05-23-23.09.41-300x225.jpg 300w, https:\/\/va361.com\/wp-content\/uploads\/2017-05-23-23.09.41-1024x768.jpg 1024w, https:\/\/va361.com\/wp-content\/uploads\/2017-05-23-23.09.41-768x576.jpg 768w, https:\/\/va361.com\/wp-content\/uploads\/2017-05-23-23.09.41-1536x1152.jpg 1536w, https:\/\/va361.com\/wp-content\/uploads\/2017-05-23-23.09.41-2048x1536.jpg 2048w\" data-sizes=\"(max-width: 300px) 100vw, 300px\" src=\"data:image\/svg+xml;base64,PHN2ZyB3aWR0aD0iMSIgaGVpZ2h0PSIxIiB4bWxucz0iaHR0cDovL3d3dy53My5vcmcvMjAwMC9zdmciPjwvc3ZnPg==\" style=\"--smush-placeholder-width: 300px; --smush-placeholder-aspect-ratio: 300\/225;\" \/><\/div><\/a>\n\t\t\t\t<div class=\"elementor-post__text\">\n\t\t\t\t<p class=\"elementor-post__title\">\n\t\t\t<a href=\"https:\/\/va361.com\/en\/blog\/upstage-lisboa\/\" >\n\t\t\t\tUPSTAGE - LISBON\t\t\t<\/a>\n\t\t<\/p>\n\t\t\t\t<\/div>\n\t\t\t\t\t<\/div>\n\t\t<\/article>\n\t\t\t\t<\/div>\n\t\t\n\t\t\t\t\t\t<\/div>\n\t\t\t\t<\/div>\n\t\t\t\t\t<\/div>\n\t\t<\/div>\n\t\t\t\t\t<\/div>\n\t\t<\/section>\n\t\t\t\t<\/div>\n\t\t\t\t\t\t\t\t\t\t<\/div>\n\t\t\t\t<\/div>\n\t\t\t\t\t<\/div>\n\t\t<\/div>\n\t\t\t\t\t<\/div>\n\t\t<\/section>\n\t\t\t\t<\/div>","protected":false},"excerpt":{"rendered":"<p>Anterior Siguiente STAND EY En VA 361 Productions llevamos a cabo el stand a medida para la marca EY que se coloc\u00f3 en el IFEMA<\/p>","protected":false},"author":4,"featured_media":6595,"comment_status":"open","ping_status":"open","sticky":false,"template":"elementor_header_footer","format":"standard","meta":{"_monsterinsights_skip_tracking":false,"_monsterinsights_sitenote_active":false,"_monsterinsights_sitenote_note":"","_monsterinsights_sitenote_category":0,"site-sidebar-layout":"no-sidebar","site-content-layout":"default","ast-global-header-display":"","ast-main-header-display":"","ast-hfb-above-header-display":"","ast-hfb-below-header-display":"","ast-hfb-mobile-header-display":"","site-post-title":"disabled","ast-breadcrumbs-content":"","ast-featured-img":"disabled","footer-sml-layout":"","theme-transparent-header-meta":"default","adv-header-id-meta":"","stick-header-meta":"default","header-above-stick-meta":"","header-main-stick-meta":"","header-below-stick-meta":"","footnotes":""},"categories":[8],"tags":[],"class_list":["post-6593","post","type-post","status-publish","format-standard","has-post-thumbnail","hentry","category-portafolio"],"yoast_head":"<!-- This site is optimized with the Yoast SEO plugin v28.3 - https:\/\/yoast.com\/product\/yoast-seo-wordpress\/ -->\n<title>Construcci\u00f3n y dise\u00f1o del stand de EY en Madrid, Espa\u00f1a. VA 361<\/title>\n<meta name=\"description\" content=\"Dise\u00f1amos y contruimos todo tipo de stands para ferias. Hoy te ense\u00f1amos el stand que dise\u00f1amos y construimos para EY en Madrid, Espa\u00f1a\" \/>\n<meta name=\"robots\" content=\"index, follow, max-snippet:-1, max-image-preview:large, max-video-preview:-1\" \/>\n<link rel=\"canonical\" href=\"https:\/\/va361.com\/en\/blog\/booth-ey-madrid\/\" \/>\n<meta property=\"og:locale\" content=\"en_GB\" \/>\n<meta property=\"og:type\" content=\"article\" \/>\n<meta property=\"og:title\" content=\"Construcci\u00f3n y dise\u00f1o del stand de EY en Madrid, Espa\u00f1a. VA 361\" \/>\n<meta property=\"og:description\" content=\"Dise\u00f1amos y contruimos todo tipo de stands para ferias. Hoy te ense\u00f1amos el stand que dise\u00f1amos y construimos para EY en Madrid, Espa\u00f1a\" \/>\n<meta property=\"og:url\" content=\"https:\/\/va361.com\/en\/blog\/booth-ey-madrid\/\" \/>\n<meta property=\"og:site_name\" content=\"VA 361 Productions\" \/>\n<meta property=\"article:published_time\" content=\"2022-08-03T10:21:58+00:00\" \/>\n<meta property=\"article:modified_time\" content=\"2023-08-08T09:37:10+00:00\" \/>\n<meta property=\"og:image\" content=\"https:\/\/va361.com\/wp-content\/uploads\/Evento-en-el-ifema-de-Madrid-con-la-marca-EY.jpg\" \/>\n\t<meta property=\"og:image:width\" content=\"1024\" \/>\n\t<meta property=\"og:image:height\" content=\"768\" \/>\n\t<meta property=\"og:image:type\" content=\"image\/jpeg\" \/>\n<meta name=\"author\" content=\"Dani VA361\" \/>\n<meta name=\"twitter:card\" content=\"summary_large_image\" \/>\n<meta name=\"twitter:label1\" content=\"Written by\" \/>\n\t<meta name=\"twitter:data1\" content=\"Dani VA361\" \/>\n\t<meta name=\"twitter:label2\" content=\"Estimated reading time\" \/>\n\t<meta name=\"twitter:data2\" content=\"3 minutes\" \/>\n<script type=\"application\/ld+json\" class=\"yoast-schema-graph\">{\"@context\":\"https:\\\/\\\/schema.org\",\"@graph\":[{\"@type\":\"Article\",\"@id\":\"https:\\\/\\\/va361.com\\\/blog\\\/stand-ey-madrid\\\/#article\",\"isPartOf\":{\"@id\":\"https:\\\/\\\/va361.com\\\/blog\\\/stand-ey-madrid\\\/\"},\"author\":{\"name\":\"Dani VA361\",\"@id\":\"https:\\\/\\\/va361.com\\\/#\\\/schema\\\/person\\\/5be700e7e4fdfcabbe36ce92f935845e\"},\"headline\":\"EY &#8211; MADRID\",\"datePublished\":\"2022-08-03T10:21:58+00:00\",\"dateModified\":\"2023-08-08T09:37:10+00:00\",\"mainEntityOfPage\":{\"@id\":\"https:\\\/\\\/va361.com\\\/blog\\\/stand-ey-madrid\\\/\"},\"wordCount\":116,\"commentCount\":1,\"publisher\":{\"@id\":\"https:\\\/\\\/va361.com\\\/#organization\"},\"image\":{\"@id\":\"https:\\\/\\\/va361.com\\\/blog\\\/stand-ey-madrid\\\/#primaryimage\"},\"thumbnailUrl\":\"https:\\\/\\\/va361.com\\\/wp-content\\\/uploads\\\/Evento-en-el-ifema-de-Madrid-con-la-marca-EY.jpg\",\"articleSection\":[\"portafolio\"],\"inLanguage\":\"en-GB\",\"potentialAction\":[{\"@type\":\"CommentAction\",\"name\":\"Comment\",\"target\":[\"https:\\\/\\\/va361.com\\\/blog\\\/stand-ey-madrid\\\/#respond\"]}]},{\"@type\":\"WebPage\",\"@id\":\"https:\\\/\\\/va361.com\\\/blog\\\/stand-ey-madrid\\\/\",\"url\":\"https:\\\/\\\/va361.com\\\/blog\\\/stand-ey-madrid\\\/\",\"name\":\"Construcci\u00f3n y dise\u00f1o del stand de EY en Madrid, Espa\u00f1a. VA 361\",\"isPartOf\":{\"@id\":\"https:\\\/\\\/va361.com\\\/#website\"},\"primaryImageOfPage\":{\"@id\":\"https:\\\/\\\/va361.com\\\/blog\\\/stand-ey-madrid\\\/#primaryimage\"},\"image\":{\"@id\":\"https:\\\/\\\/va361.com\\\/blog\\\/stand-ey-madrid\\\/#primaryimage\"},\"thumbnailUrl\":\"https:\\\/\\\/va361.com\\\/wp-content\\\/uploads\\\/Evento-en-el-ifema-de-Madrid-con-la-marca-EY.jpg\",\"datePublished\":\"2022-08-03T10:21:58+00:00\",\"dateModified\":\"2023-08-08T09:37:10+00:00\",\"description\":\"Dise\u00f1amos y contruimos todo tipo de stands para ferias. Hoy te ense\u00f1amos el stand que dise\u00f1amos y construimos para EY en Madrid, Espa\u00f1a\",\"breadcrumb\":{\"@id\":\"https:\\\/\\\/va361.com\\\/blog\\\/stand-ey-madrid\\\/#breadcrumb\"},\"inLanguage\":\"en-GB\",\"potentialAction\":[{\"@type\":\"ReadAction\",\"target\":[\"https:\\\/\\\/va361.com\\\/blog\\\/stand-ey-madrid\\\/\"]}]},{\"@type\":\"ImageObject\",\"inLanguage\":\"en-GB\",\"@id\":\"https:\\\/\\\/va361.com\\\/blog\\\/stand-ey-madrid\\\/#primaryimage\",\"url\":\"https:\\\/\\\/va361.com\\\/wp-content\\\/uploads\\\/Evento-en-el-ifema-de-Madrid-con-la-marca-EY.jpg\",\"contentUrl\":\"https:\\\/\\\/va361.com\\\/wp-content\\\/uploads\\\/Evento-en-el-ifema-de-Madrid-con-la-marca-EY.jpg\",\"width\":1024,\"height\":768,\"caption\":\"Evento en el ifema de Madrid con la marca EY\"},{\"@type\":\"BreadcrumbList\",\"@id\":\"https:\\\/\\\/va361.com\\\/blog\\\/stand-ey-madrid\\\/#breadcrumb\",\"itemListElement\":[{\"@type\":\"ListItem\",\"position\":1,\"name\":\"Portada\",\"item\":\"https:\\\/\\\/va361.com\\\/\"},{\"@type\":\"ListItem\",\"position\":2,\"name\":\"EY &#8211; MADRID\"}]},{\"@type\":\"WebSite\",\"@id\":\"https:\\\/\\\/va361.com\\\/#website\",\"url\":\"https:\\\/\\\/va361.com\\\/\",\"name\":\"VA 361 Productions\",\"description\":\"Producci\u00f3n audiovisual para eventos\",\"publisher\":{\"@id\":\"https:\\\/\\\/va361.com\\\/#organization\"},\"potentialAction\":[{\"@type\":\"SearchAction\",\"target\":{\"@type\":\"EntryPoint\",\"urlTemplate\":\"https:\\\/\\\/va361.com\\\/?s={search_term_string}\"},\"query-input\":{\"@type\":\"PropertyValueSpecification\",\"valueRequired\":true,\"valueName\":\"search_term_string\"}}],\"inLanguage\":\"en-GB\"},{\"@type\":\"Organization\",\"@id\":\"https:\\\/\\\/va361.com\\\/#organization\",\"name\":\"VA 361 Productions\",\"alternateName\":\"VA361\",\"url\":\"https:\\\/\\\/va361.com\\\/\",\"logo\":{\"@type\":\"ImageObject\",\"inLanguage\":\"en-GB\",\"@id\":\"https:\\\/\\\/va361.com\\\/#\\\/schema\\\/logo\\\/image\\\/\",\"url\":\"https:\\\/\\\/va361.com\\\/wp-content\\\/uploads\\\/cropped-logo-horizontal.png\",\"contentUrl\":\"https:\\\/\\\/va361.com\\\/wp-content\\\/uploads\\\/cropped-logo-horizontal.png\",\"width\":400,\"height\":60,\"caption\":\"VA 361 Productions\"},\"image\":{\"@id\":\"https:\\\/\\\/va361.com\\\/#\\\/schema\\\/logo\\\/image\\\/\"},\"employee\":{\"@id\":\"https:\\\/\\\/danielpycock.com\\\/#person\"}},{\"@type\":\"Person\",\"@id\":\"https:\\\/\\\/va361.com\\\/#\\\/schema\\\/person\\\/5be700e7e4fdfcabbe36ce92f935845e\",\"name\":\"Dani VA361\",\"image\":{\"@type\":\"ImageObject\",\"inLanguage\":\"en-GB\",\"@id\":\"https:\\\/\\\/secure.gravatar.com\\\/avatar\\\/4c74de7617bf107c4ca2d99e7ffb5e45f273029ac1669e01c52b41be9bb9bbc4?s=96&d=mm&r=g\",\"url\":\"https:\\\/\\\/secure.gravatar.com\\\/avatar\\\/4c74de7617bf107c4ca2d99e7ffb5e45f273029ac1669e01c52b41be9bb9bbc4?s=96&d=mm&r=g\",\"contentUrl\":\"https:\\\/\\\/secure.gravatar.com\\\/avatar\\\/4c74de7617bf107c4ca2d99e7ffb5e45f273029ac1669e01c52b41be9bb9bbc4?s=96&d=mm&r=g\",\"caption\":\"Dani VA361\"},\"sameAs\":[\"hola@danielmartel.com\"]}]}<\/script>\n<!-- \/ Yoast SEO plugin. -->","yoast_head_json":{"title":"Construction and design of the EY booths in Madrid, Spain. VA 361","description":"We design and build all kinds of booths for trade fairs. Today we show you the stand we designed and built for EY in Madrid, Spain.","robots":{"index":"index","follow":"follow","max-snippet":"max-snippet:-1","max-image-preview":"max-image-preview:large","max-video-preview":"max-video-preview:-1"},"canonical":"https:\/\/va361.com\/en\/blog\/booth-ey-madrid\/","og_locale":"en_GB","og_type":"article","og_title":"Construcci\u00f3n y dise\u00f1o del stand de EY en Madrid, Espa\u00f1a. VA 361","og_description":"Dise\u00f1amos y contruimos todo tipo de stands para ferias. Hoy te ense\u00f1amos el stand que dise\u00f1amos y construimos para EY en Madrid, Espa\u00f1a","og_url":"https:\/\/va361.com\/en\/blog\/booth-ey-madrid\/","og_site_name":"VA 361 Productions","article_published_time":"2022-08-03T10:21:58+00:00","article_modified_time":"2023-08-08T09:37:10+00:00","og_image":[{"width":1024,"height":768,"url":"https:\/\/va361.com\/wp-content\/uploads\/Evento-en-el-ifema-de-Madrid-con-la-marca-EY.jpg","type":"image\/jpeg"}],"author":"Dani VA361","twitter_card":"summary_large_image","twitter_misc":{"Written by":"Dani VA361","Estimated reading time":"3 minutes"},"schema":{"@context":"https:\/\/schema.org","@graph":[{"@type":"Article","@id":"https:\/\/va361.com\/blog\/stand-ey-madrid\/#article","isPartOf":{"@id":"https:\/\/va361.com\/blog\/stand-ey-madrid\/"},"author":{"name":"Dani VA361","@id":"https:\/\/va361.com\/#\/schema\/person\/5be700e7e4fdfcabbe36ce92f935845e"},"headline":"EY &#8211; MADRID","datePublished":"2022-08-03T10:21:58+00:00","dateModified":"2023-08-08T09:37:10+00:00","mainEntityOfPage":{"@id":"https:\/\/va361.com\/blog\/stand-ey-madrid\/"},"wordCount":116,"commentCount":1,"publisher":{"@id":"https:\/\/va361.com\/#organization"},"image":{"@id":"https:\/\/va361.com\/blog\/stand-ey-madrid\/#primaryimage"},"thumbnailUrl":"https:\/\/va361.com\/wp-content\/uploads\/Evento-en-el-ifema-de-Madrid-con-la-marca-EY.jpg","articleSection":["portafolio"],"inLanguage":"en-GB","potentialAction":[{"@type":"CommentAction","name":"Comment","target":["https:\/\/va361.com\/blog\/stand-ey-madrid\/#respond"]}]},{"@type":"WebPage","@id":"https:\/\/va361.com\/blog\/stand-ey-madrid\/","url":"https:\/\/va361.com\/blog\/stand-ey-madrid\/","name":"Construction and design of the EY booths in Madrid, Spain. VA 361","isPartOf":{"@id":"https:\/\/va361.com\/#website"},"primaryImageOfPage":{"@id":"https:\/\/va361.com\/blog\/stand-ey-madrid\/#primaryimage"},"image":{"@id":"https:\/\/va361.com\/blog\/stand-ey-madrid\/#primaryimage"},"thumbnailUrl":"https:\/\/va361.com\/wp-content\/uploads\/Evento-en-el-ifema-de-Madrid-con-la-marca-EY.jpg","datePublished":"2022-08-03T10:21:58+00:00","dateModified":"2023-08-08T09:37:10+00:00","description":"We design and build all kinds of booths for trade fairs. Today we show you the stand we designed and built for EY in Madrid, Spain.","breadcrumb":{"@id":"https:\/\/va361.com\/blog\/stand-ey-madrid\/#breadcrumb"},"inLanguage":"en-GB","potentialAction":[{"@type":"ReadAction","target":["https:\/\/va361.com\/blog\/stand-ey-madrid\/"]}]},{"@type":"ImageObject","inLanguage":"en-GB","@id":"https:\/\/va361.com\/blog\/stand-ey-madrid\/#primaryimage","url":"https:\/\/va361.com\/wp-content\/uploads\/Evento-en-el-ifema-de-Madrid-con-la-marca-EY.jpg","contentUrl":"https:\/\/va361.com\/wp-content\/uploads\/Evento-en-el-ifema-de-Madrid-con-la-marca-EY.jpg","width":1024,"height":768,"caption":"Evento en el ifema de Madrid con la marca EY"},{"@type":"BreadcrumbList","@id":"https:\/\/va361.com\/blog\/stand-ey-madrid\/#breadcrumb","itemListElement":[{"@type":"ListItem","position":1,"name":"Portada","item":"https:\/\/va361.com\/"},{"@type":"ListItem","position":2,"name":"EY &#8211; MADRID"}]},{"@type":"WebSite","@id":"https:\/\/va361.com\/#website","url":"https:\/\/va361.com\/","name":"VA 361 Productions","description":"Audiovisual production for events","publisher":{"@id":"https:\/\/va361.com\/#organization"},"potentialAction":[{"@type":"SearchAction","target":{"@type":"EntryPoint","urlTemplate":"https:\/\/va361.com\/?s={search_term_string}"},"query-input":{"@type":"PropertyValueSpecification","valueRequired":true,"valueName":"search_term_string"}}],"inLanguage":"en-GB"},{"@type":"Organization","@id":"https:\/\/va361.com\/#organization","name":"VA 361 Productions","alternateName":"VA361","url":"https:\/\/va361.com\/","logo":{"@type":"ImageObject","inLanguage":"en-GB","@id":"https:\/\/va361.com\/#\/schema\/logo\/image\/","url":"https:\/\/va361.com\/wp-content\/uploads\/cropped-logo-horizontal.png","contentUrl":"https:\/\/va361.com\/wp-content\/uploads\/cropped-logo-horizontal.png","width":400,"height":60,"caption":"VA 361 Productions"},"image":{"@id":"https:\/\/va361.com\/#\/schema\/logo\/image\/"},"employee":{"@id":"https:\/\/danielpycock.com\/#person"}},{"@type":"Person","@id":"https:\/\/va361.com\/#\/schema\/person\/5be700e7e4fdfcabbe36ce92f935845e","name":"Dani VA361","image":{"@type":"ImageObject","inLanguage":"en-GB","@id":"https:\/\/secure.gravatar.com\/avatar\/4c74de7617bf107c4ca2d99e7ffb5e45f273029ac1669e01c52b41be9bb9bbc4?s=96&d=mm&r=g","url":"https:\/\/secure.gravatar.com\/avatar\/4c74de7617bf107c4ca2d99e7ffb5e45f273029ac1669e01c52b41be9bb9bbc4?s=96&d=mm&r=g","contentUrl":"https:\/\/secure.gravatar.com\/avatar\/4c74de7617bf107c4ca2d99e7ffb5e45f273029ac1669e01c52b41be9bb9bbc4?s=96&d=mm&r=g","caption":"Dani VA361"},"sameAs":["hola@danielmartel.com"]}]}},"_links":{"self":[{"href":"https:\/\/va361.com\/en\/wp-json\/wp\/v2\/posts\/6593","targetHints":{"allow":["GET"]}}],"collection":[{"href":"https:\/\/va361.com\/en\/wp-json\/wp\/v2\/posts"}],"about":[{"href":"https:\/\/va361.com\/en\/wp-json\/wp\/v2\/types\/post"}],"author":[{"embeddable":true,"href":"https:\/\/va361.com\/en\/wp-json\/wp\/v2\/users\/4"}],"replies":[{"embeddable":true,"href":"https:\/\/va361.com\/en\/wp-json\/wp\/v2\/comments?post=6593"}],"version-history":[{"count":41,"href":"https:\/\/va361.com\/en\/wp-json\/wp\/v2\/posts\/6593\/revisions"}],"predecessor-version":[{"id":6662,"href":"https:\/\/va361.com\/en\/wp-json\/wp\/v2\/posts\/6593\/revisions\/6662"}],"wp:featuredmedia":[{"embeddable":true,"href":"https:\/\/va361.com\/en\/wp-json\/wp\/v2\/media\/6595"}],"wp:attachment":[{"href":"https:\/\/va361.com\/en\/wp-json\/wp\/v2\/media?parent=6593"}],"wp:term":[{"taxonomy":"category","embeddable":true,"href":"https:\/\/va361.com\/en\/wp-json\/wp\/v2\/categories?post=6593"},{"taxonomy":"post_tag","embeddable":true,"href":"https:\/\/va361.com\/en\/wp-json\/wp\/v2\/tags?post=6593"}],"curies":[{"name":"wp","href":"https:\/\/api.w.org\/{rel}","templated":true}]}}