{"id":5756,"date":"2022-07-19T11:45:23","date_gmt":"2022-07-19T11:45:23","guid":{"rendered":"https:\/\/va361.com\/?p=5756"},"modified":"2023-08-08T09:27:22","modified_gmt":"2023-08-08T09:27:22","slug":"sportspro-ott-summit-madrid","status":"publish","type":"post","link":"https:\/\/va361.com\/en\/blog\/sportspro-ott-summit-madrid\/","title":{"rendered":"SPORTSPRO OTT SUMMIT \u2013 MADRID"},"content":{"rendered":"<div data-elementor-type=\"wp-post\" data-elementor-id=\"5756\" class=\"elementor elementor-5756\" data-elementor-post-type=\"post\">\n\t\t\t\t\t\t<section class=\"elementor-section elementor-top-section elementor-element elementor-element-89f0b23 elementor-section-stretched elementor-section-full_width elementor-section-height-min-height elementor-section-height-default elementor-section-items-middle\" data-id=\"89f0b23\" data-element_type=\"section\" data-e-type=\"section\" data-settings=\"{&quot;stretch_section&quot;:&quot;section-stretched&quot;}\">\n\t\t\t\t\t\t<div class=\"elementor-container elementor-column-gap-no\">\n\t\t\t\t\t<div class=\"elementor-column elementor-col-100 elementor-top-column elementor-element elementor-element-b0aa7ea\" data-id=\"b0aa7ea\" data-element_type=\"column\" data-e-type=\"column\">\n\t\t\t<div class=\"elementor-widget-wrap elementor-element-populated\">\n\t\t\t\t\t\t<div class=\"elementor-element elementor-element-ce19d5e elementor--h-position-center elementor--v-position-middle elementor-arrows-position-inside elementor-widget elementor-widget-slides\" data-id=\"ce19d5e\" data-element_type=\"widget\" data-e-type=\"widget\" data-settings=\"{&quot;navigation&quot;:&quot;arrows&quot;,&quot;transition&quot;:&quot;fade&quot;,&quot;autoplay&quot;:&quot;yes&quot;,&quot;pause_on_hover&quot;:&quot;yes&quot;,&quot;pause_on_interaction&quot;:&quot;yes&quot;,&quot;autoplay_speed&quot;:5000,&quot;infinite&quot;:&quot;yes&quot;,&quot;transition_speed&quot;:500}\" data-widget_type=\"slides.default\">\n\t\t\t\t<div class=\"elementor-widget-container\">\n\t\t\t\t\t\t\t\t\t<div class=\"elementor-swiper\">\n\t\t\t\t\t<div class=\"elementor-slides-wrapper elementor-main-swiper swiper\" role=\"region\" aria-roledescription=\"carousel\" aria-label=\"Slides\" dir=\"ltr\" data-animation=\"fadeInUp\">\n\t\t\t\t<div class=\"swiper-wrapper elementor-slides\">\n\t\t\t\t\t\t\t\t\t\t<div class=\"elementor-repeater-item-806689f swiper-slide\" role=\"group\" aria-roledescription=\"slide\"><div class=\"swiper-slide-bg elementor-ken-burns elementor-ken-burns--in\" role=\"img\" aria-label=\"SPORTSPRO OOT SUMMIT - Meli\u00e1 Castilla MADRID\"><\/div><div class=\"swiper-slide-inner\" ><div class=\"swiper-slide-contents\"><\/div><\/div><\/div><div class=\"elementor-repeater-item-69eb1fa swiper-slide\" role=\"group\" aria-roledescription=\"slide\"><div class=\"swiper-slide-bg elementor-ken-burns elementor-ken-burns--in\" role=\"img\" aria-label=\"SPORTSPRO OOT SUMMIT - MADRID (2)\"><\/div><div class=\"swiper-slide-inner\" ><div class=\"swiper-slide-contents\"><\/div><\/div><\/div><div class=\"elementor-repeater-item-598d59f swiper-slide\" role=\"group\" aria-roledescription=\"slide\"><div class=\"swiper-slide-bg elementor-ken-burns elementor-ken-burns--in\" role=\"img\" aria-label=\"SPORTSPRO OOT SUMMIT - Meli\u00e1 Castilla MADRID (2)\"><\/div><div class=\"swiper-slide-inner\" ><div class=\"swiper-slide-contents\"><\/div><\/div><\/div><div class=\"elementor-repeater-item-2b6dbc5 swiper-slide\" role=\"group\" aria-roledescription=\"slide\"><div class=\"swiper-slide-bg\" role=\"img\" aria-label=\"SPORTSPRO OOT SUMMIT - Meli\u00e1 Castilla MADRID (2)\"><\/div><div class=\"swiper-slide-inner\" ><div class=\"swiper-slide-contents\"><\/div><\/div><\/div><div class=\"elementor-repeater-item-1e4d40b swiper-slide\" role=\"group\" aria-roledescription=\"slide\"><div class=\"swiper-slide-bg\" role=\"img\" aria-label=\"SPORTSPRO OOT SUMMIT - Meli\u00e1 Castilla MADRID\"><\/div><div class=\"swiper-slide-inner\" ><div class=\"swiper-slide-contents\"><\/div><\/div><\/div>\t\t\t\t<\/div>\n\t\t\t\t\t\t\t\t\t\t\t\t\t\t\t<div class=\"elementor-swiper-button elementor-swiper-button-prev\" role=\"button\" tabindex=\"0\" aria-label=\"Previous slide\" data-no-translation-aria-label=\"\">\n\t\t\t\t\t\t\t<i aria-hidden=\"true\" class=\"eicon-chevron-left\"><\/i>\t\t\t\t\t\t<\/div>\n\t\t\t\t\t\t<div class=\"elementor-swiper-button elementor-swiper-button-next\" role=\"button\" tabindex=\"0\" aria-label=\"Next slide\" data-no-translation-aria-label=\"\">\n\t\t\t\t\t\t\t<i aria-hidden=\"true\" class=\"eicon-chevron-right\"><\/i>\t\t\t\t\t\t<\/div>\n\t\t\t\t\t\t\t\t\t\t\t\t\t\t\t\t\t<\/div>\n\t\t\t\t<\/div>\n\t\t\t\t\t\t\t\t<\/div>\n\t\t\t\t<\/div>\n\t\t\t\t\t<\/div>\n\t\t<\/div>\n\t\t\t\t\t<\/div>\n\t\t<\/section>\n\t\t\t\t<section class=\"elementor-section elementor-top-section elementor-element elementor-element-e619b12 elementor-section-full_width elementor-section-stretched elementor-section-height-default elementor-section-height-default\" data-id=\"e619b12\" data-element_type=\"section\" data-e-type=\"section\" data-settings=\"{&quot;stretch_section&quot;:&quot;section-stretched&quot;,&quot;background_background&quot;:&quot;classic&quot;}\">\n\t\t\t\t\t\t<div class=\"elementor-container elementor-column-gap-default\">\n\t\t\t\t\t<div class=\"elementor-column elementor-col-50 elementor-top-column elementor-element elementor-element-e4188e3\" data-id=\"e4188e3\" data-element_type=\"column\" data-e-type=\"column\" data-settings=\"{&quot;background_background&quot;:&quot;classic&quot;}\">\n\t\t\t<div class=\"elementor-widget-wrap elementor-element-populated\">\n\t\t\t\t\t\t<div class=\"elementor-element elementor-element-3bf1da7 elementor-widget elementor-widget-heading\" data-id=\"3bf1da7\" data-element_type=\"widget\" data-e-type=\"widget\" data-widget_type=\"heading.default\">\n\t\t\t\t<div class=\"elementor-widget-container\">\n\t\t\t\t\t<h2 class=\"elementor-heading-title elementor-size-default\">SPORTSPRO OTT SUMMIT<\/h2>\t\t\t\t<\/div>\n\t\t\t\t<\/div>\n\t\t\t\t<div class=\"elementor-element elementor-element-cc19d42 elementor-widget elementor-widget-text-editor\" data-id=\"cc19d42\" data-element_type=\"widget\" data-e-type=\"widget\" data-widget_type=\"text-editor.default\">\n\t\t\t\t<div class=\"elementor-widget-container\">\n\t\t\t\t\t\t\t\t\t<p>Over three days, the summit connected and inspired more than 500 leading professionals. During the different days, the rapid and continuous growth of the sports broadcasting and OTT sector was discussed, as well as the latest trends and technologies.<\/p>\n<p>This summit, which took place at the Hotel Meli\u00e1 Castilla in Madrid, inspired, guided and offered the necessary resources to face the evolution of the market.<\/p>\n<p class=\"translation-block\">Services: Tailor-made audiovisual production for events as well as technical production, sound, lighting, professional video, recording, production and branding.<\/p>\t\t\t\t\t\t\t\t<\/div>\n\t\t\t\t<\/div>\n\t\t\t\t\t<\/div>\n\t\t<\/div>\n\t\t\t\t<div class=\"elementor-column elementor-col-50 elementor-top-column elementor-element elementor-element-fa03601\" data-id=\"fa03601\" data-element_type=\"column\" data-e-type=\"column\" data-settings=\"{&quot;background_background&quot;:&quot;classic&quot;}\">\n\t\t\t<div class=\"elementor-widget-wrap elementor-element-populated\">\n\t\t\t\t\t\t\t<\/div>\n\t\t<\/div>\n\t\t\t\t\t<\/div>\n\t\t<\/section>\n\t\t\t\t<section class=\"elementor-section elementor-top-section elementor-element elementor-element-efe427c elementor-section-stretched elementor-section-full_width elementor-section-height-default elementor-section-height-default\" data-id=\"efe427c\" data-element_type=\"section\" data-e-type=\"section\" data-settings=\"{&quot;stretch_section&quot;:&quot;section-stretched&quot;}\">\n\t\t\t\t\t\t<div class=\"elementor-container elementor-column-gap-default\">\n\t\t\t\t\t<div class=\"elementor-column elementor-col-100 elementor-top-column elementor-element elementor-element-05d051b\" data-id=\"05d051b\" data-element_type=\"column\" data-e-type=\"column\">\n\t\t\t<div class=\"elementor-widget-wrap elementor-element-populated\">\n\t\t\t\t\t\t<div class=\"elementor-element elementor-element-8bb142c elementor-widget elementor-widget-text-editor\" data-id=\"8bb142c\" data-element_type=\"widget\" data-e-type=\"widget\" data-widget_type=\"text-editor.default\">\n\t\t\t\t<div class=\"elementor-widget-container\">\n\t\t\t\t\t\t\t\t\t\t\t<div data-elementor-type=\"section\" data-elementor-id=\"2707\" class=\"elementor elementor-2707\" data-elementor-post-type=\"elementor_library\">\n\t\t\t\t\t<section class=\"elementor-section elementor-top-section elementor-element elementor-element-174c0d3 elementor-section-stretched elementor-section-full_width elementor-section-height-default elementor-section-height-default\" data-id=\"174c0d3\" data-element_type=\"section\" data-e-type=\"section\" data-settings=\"{&quot;stretch_section&quot;:&quot;section-stretched&quot;}\">\n\t\t\t\t\t\t<div class=\"elementor-container elementor-column-gap-default\">\n\t\t\t\t\t<div class=\"elementor-column elementor-col-100 elementor-top-column elementor-element elementor-element-3ba5458\" data-id=\"3ba5458\" data-element_type=\"column\" data-e-type=\"column\">\n\t\t\t<div class=\"elementor-widget-wrap elementor-element-populated\">\n\t\t\t\t\t\t<div class=\"elementor-element elementor-element-1bcfa66 elementor-grid-5 elementor-grid-tablet-2 elementor-grid-mobile-1 elementor-posts--thumbnail-top elementor-card-shadow-yes elementor-posts__hover-gradient elementor-widget elementor-widget-posts\" data-id=\"1bcfa66\" data-element_type=\"widget\" data-e-type=\"widget\" data-settings=\"{&quot;cards_columns&quot;:&quot;5&quot;,&quot;cards_columns_tablet&quot;:&quot;2&quot;,&quot;cards_columns_mobile&quot;:&quot;1&quot;,&quot;cards_row_gap&quot;:{&quot;unit&quot;:&quot;px&quot;,&quot;size&quot;:35,&quot;sizes&quot;:[]},&quot;cards_row_gap_tablet&quot;:{&quot;unit&quot;:&quot;px&quot;,&quot;size&quot;:&quot;&quot;,&quot;sizes&quot;:[]},&quot;cards_row_gap_mobile&quot;:{&quot;unit&quot;:&quot;px&quot;,&quot;size&quot;:&quot;&quot;,&quot;sizes&quot;:[]}}\" data-widget_type=\"posts.cards\">\n\t\t\t\t<div class=\"elementor-widget-container\">\n\t\t\t\t\t\t\t<div class=\"elementor-posts-container elementor-posts elementor-posts--skin-cards elementor-grid\" role=\"list\">\n\t\t\t\t<article class=\"elementor-post elementor-grid-item post-2358 post type-post status-publish format-standard has-post-thumbnail hentry category-portafolio\" role=\"listitem\">\n\t\t\t<div class=\"elementor-post__card\">\n\t\t\t\t<a class=\"elementor-post__thumbnail__link\" href=\"https:\/\/va361.com\/en\/blog\/abta-sevilla\/\" tabindex=\"-1\" ><div class=\"elementor-post__thumbnail\"><img fetchpriority=\"high\" decoding=\"async\" width=\"300\" height=\"225\" src=\"https:\/\/va361.com\/wp-content\/uploads\/IMG_4084-300x225.jpg\" class=\"attachment-medium size-medium wp-image-2996\" alt=\"\" srcset=\"https:\/\/va361.com\/wp-content\/uploads\/IMG_4084-300x225.jpg 300w, https:\/\/va361.com\/wp-content\/uploads\/IMG_4084-1024x768.jpg 1024w, https:\/\/va361.com\/wp-content\/uploads\/IMG_4084-768x576.jpg 768w, https:\/\/va361.com\/wp-content\/uploads\/IMG_4084-1536x1152.jpg 1536w, https:\/\/va361.com\/wp-content\/uploads\/IMG_4084-2048x1536.jpg 2048w\" sizes=\"(max-width: 300px) 100vw, 300px\" \/><\/div><\/a>\n\t\t\t\t<div class=\"elementor-post__text\">\n\t\t\t\t<p class=\"elementor-post__title\">\n\t\t\t<a href=\"https:\/\/va361.com\/en\/blog\/abta-sevilla\/\" >\n\t\t\t\tABTA - SEVILLE\t\t\t<\/a>\n\t\t<\/p>\n\t\t\t\t<\/div>\n\t\t\t\t\t<\/div>\n\t\t<\/article>\n\t\t\t\t<article class=\"elementor-post elementor-grid-item post-7985 post type-post status-publish format-standard has-post-thumbnail hentry category-portafolio\" role=\"listitem\">\n\t\t\t<div class=\"elementor-post__card\">\n\t\t\t\t<a class=\"elementor-post__thumbnail__link\" href=\"https:\/\/va361.com\/en\/blog\/informatica-partner-forum-madrid\/\" tabindex=\"-1\" ><div class=\"elementor-post__thumbnail\"><img decoding=\"async\" width=\"300\" height=\"200\" data-src=\"https:\/\/va361.com\/wp-content\/uploads\/La-marca-informatica.com-celebra-en-el-marriot-auditorium-el-evento-anual-de-partners-300x200.jpeg\" class=\"attachment-medium size-medium wp-image-7988 lazyload\" alt=\"informatica.com brand holds annual partner event at marriot auditorium\" data-srcset=\"https:\/\/va361.com\/wp-content\/uploads\/La-marca-informatica.com-celebra-en-el-marriot-auditorium-el-evento-anual-de-partners-300x200.jpeg 300w, https:\/\/va361.com\/wp-content\/uploads\/La-marca-informatica.com-celebra-en-el-marriot-auditorium-el-evento-anual-de-partners-1024x681.jpeg 1024w, https:\/\/va361.com\/wp-content\/uploads\/La-marca-informatica.com-celebra-en-el-marriot-auditorium-el-evento-anual-de-partners-768x511.jpeg 768w, https:\/\/va361.com\/wp-content\/uploads\/La-marca-informatica.com-celebra-en-el-marriot-auditorium-el-evento-anual-de-partners-1536x1021.jpeg 1536w, https:\/\/va361.com\/wp-content\/uploads\/La-marca-informatica.com-celebra-en-el-marriot-auditorium-el-evento-anual-de-partners-18x12.jpeg 18w, https:\/\/va361.com\/wp-content\/uploads\/La-marca-informatica.com-celebra-en-el-marriot-auditorium-el-evento-anual-de-partners.jpeg 1600w\" data-sizes=\"(max-width: 300px) 100vw, 300px\" src=\"data:image\/svg+xml;base64,PHN2ZyB3aWR0aD0iMSIgaGVpZ2h0PSIxIiB4bWxucz0iaHR0cDovL3d3dy53My5vcmcvMjAwMC9zdmciPjwvc3ZnPg==\" style=\"--smush-placeholder-width: 300px; --smush-placeholder-aspect-ratio: 300\/200;\" \/><\/div><\/a>\n\t\t\t\t<div class=\"elementor-post__text\">\n\t\t\t\t<p class=\"elementor-post__title\">\n\t\t\t<a href=\"https:\/\/va361.com\/en\/blog\/informatica-partner-forum-madrid\/\" >\n\t\t\t\tINFORMATICA - MADRID\t\t\t<\/a>\n\t\t<\/p>\n\t\t\t\t<\/div>\n\t\t\t\t\t<\/div>\n\t\t<\/article>\n\t\t\t\t<article class=\"elementor-post elementor-grid-item post-2641 post type-post status-publish format-standard has-post-thumbnail hentry category-portafolio\" role=\"listitem\">\n\t\t\t<div class=\"elementor-post__card\">\n\t\t\t\t<a class=\"elementor-post__thumbnail__link\" href=\"https:\/\/va361.com\/en\/blog\/excogitare-amsterdam\/\" tabindex=\"-1\" ><div class=\"elementor-post__thumbnail\"><img decoding=\"async\" width=\"300\" height=\"169\" data-src=\"https:\/\/va361.com\/wp-content\/uploads\/XC_2012-3651-960x540-1-300x169.png\" class=\"attachment-medium size-medium wp-image-2656 lazyload\" alt=\"\" data-srcset=\"https:\/\/va361.com\/wp-content\/uploads\/XC_2012-3651-960x540-1-300x169.png 300w, https:\/\/va361.com\/wp-content\/uploads\/XC_2012-3651-960x540-1-768x432.png 768w, https:\/\/va361.com\/wp-content\/uploads\/XC_2012-3651-960x540-1.png 960w\" data-sizes=\"(max-width: 300px) 100vw, 300px\" src=\"data:image\/svg+xml;base64,PHN2ZyB3aWR0aD0iMSIgaGVpZ2h0PSIxIiB4bWxucz0iaHR0cDovL3d3dy53My5vcmcvMjAwMC9zdmciPjwvc3ZnPg==\" style=\"--smush-placeholder-width: 300px; --smush-placeholder-aspect-ratio: 300\/169;\" \/><\/div><\/a>\n\t\t\t\t<div class=\"elementor-post__text\">\n\t\t\t\t<p class=\"elementor-post__title\">\n\t\t\t<a href=\"https:\/\/va361.com\/en\/blog\/excogitare-amsterdam\/\" >\n\t\t\t\tEXCOGITARE \u2013 AMSTERDAM\t\t\t<\/a>\n\t\t<\/p>\n\t\t\t\t<\/div>\n\t\t\t\t\t<\/div>\n\t\t<\/article>\n\t\t\t\t<article class=\"elementor-post elementor-grid-item post-6981 post type-post status-publish format-standard has-post-thumbnail hentry category-portafolio\" role=\"listitem\">\n\t\t\t<div class=\"elementor-post__card\">\n\t\t\t\t<a class=\"elementor-post__thumbnail__link\" href=\"https:\/\/va361.com\/en\/blog\/pfizer-berlin\/\" tabindex=\"-1\" ><div class=\"elementor-post__thumbnail\"><img decoding=\"async\" width=\"300\" height=\"200\" data-src=\"https:\/\/va361.com\/wp-content\/uploads\/Evento-corporativo-de-Pfizer-en-Berlin-6-300x200.jpg\" class=\"attachment-medium size-medium wp-image-6983 lazyload\" alt=\"Pfizer corporate event in Berlin\" data-srcset=\"https:\/\/va361.com\/wp-content\/uploads\/Evento-corporativo-de-Pfizer-en-Berlin-6-300x200.jpg 300w, https:\/\/va361.com\/wp-content\/uploads\/Evento-corporativo-de-Pfizer-en-Berlin-6-1024x682.jpg 1024w, https:\/\/va361.com\/wp-content\/uploads\/Evento-corporativo-de-Pfizer-en-Berlin-6-768x511.jpg 768w, https:\/\/va361.com\/wp-content\/uploads\/Evento-corporativo-de-Pfizer-en-Berlin-6-1536x1022.jpg 1536w, https:\/\/va361.com\/wp-content\/uploads\/Evento-corporativo-de-Pfizer-en-Berlin-6-18x12.jpg 18w, https:\/\/va361.com\/wp-content\/uploads\/Evento-corporativo-de-Pfizer-en-Berlin-6.jpg 1600w\" data-sizes=\"(max-width: 300px) 100vw, 300px\" src=\"data:image\/svg+xml;base64,PHN2ZyB3aWR0aD0iMSIgaGVpZ2h0PSIxIiB4bWxucz0iaHR0cDovL3d3dy53My5vcmcvMjAwMC9zdmciPjwvc3ZnPg==\" style=\"--smush-placeholder-width: 300px; --smush-placeholder-aspect-ratio: 300\/200;\" \/><\/div><\/a>\n\t\t\t\t<div class=\"elementor-post__text\">\n\t\t\t\t<p class=\"elementor-post__title\">\n\t\t\t<a href=\"https:\/\/va361.com\/en\/blog\/pfizer-berlin\/\" >\n\t\t\t\tPFIZER - BERLIN\t\t\t<\/a>\n\t\t<\/p>\n\t\t\t\t<\/div>\n\t\t\t\t\t<\/div>\n\t\t<\/article>\n\t\t\t\t<article class=\"elementor-post elementor-grid-item post-9214 post type-post status-publish format-standard has-post-thumbnail hentry category-portafolio\" role=\"listitem\">\n\t\t\t<div class=\"elementor-post__card\">\n\t\t\t\t<a class=\"elementor-post__thumbnail__link\" href=\"https:\/\/va361.com\/en\/blog\/astrazeneca-spain\/\" tabindex=\"-1\" ><div class=\"elementor-post__thumbnail\"><img decoding=\"async\" width=\"300\" height=\"225\" data-src=\"https:\/\/va361.com\/wp-content\/uploads\/Evento-corporativo-de-la-marca-astra-Zeneca-en-el-hotel-Melia-Avenida-de-America-Madrid-Espana-3-300x225.jpeg\" class=\"attachment-medium size-medium wp-image-9216 lazyload\" alt=\"astra Zeneca branded corporate event at the Mel\u00eda Avenida de Am\u00e9rica Hotel, Madrid, Spain.\" data-srcset=\"https:\/\/va361.com\/wp-content\/uploads\/Evento-corporativo-de-la-marca-astra-Zeneca-en-el-hotel-Melia-Avenida-de-America-Madrid-Espana-3-300x225.jpeg 300w, https:\/\/va361.com\/wp-content\/uploads\/Evento-corporativo-de-la-marca-astra-Zeneca-en-el-hotel-Melia-Avenida-de-America-Madrid-Espana-3-1024x768.jpeg 1024w, https:\/\/va361.com\/wp-content\/uploads\/Evento-corporativo-de-la-marca-astra-Zeneca-en-el-hotel-Melia-Avenida-de-America-Madrid-Espana-3-768x576.jpeg 768w, https:\/\/va361.com\/wp-content\/uploads\/Evento-corporativo-de-la-marca-astra-Zeneca-en-el-hotel-Melia-Avenida-de-America-Madrid-Espana-3-1536x1152.jpeg 1536w, https:\/\/va361.com\/wp-content\/uploads\/Evento-corporativo-de-la-marca-astra-Zeneca-en-el-hotel-Melia-Avenida-de-America-Madrid-Espana-3-16x12.jpeg 16w, https:\/\/va361.com\/wp-content\/uploads\/Evento-corporativo-de-la-marca-astra-Zeneca-en-el-hotel-Melia-Avenida-de-America-Madrid-Espana-3.jpeg 2000w\" data-sizes=\"(max-width: 300px) 100vw, 300px\" src=\"data:image\/svg+xml;base64,PHN2ZyB3aWR0aD0iMSIgaGVpZ2h0PSIxIiB4bWxucz0iaHR0cDovL3d3dy53My5vcmcvMjAwMC9zdmciPjwvc3ZnPg==\" style=\"--smush-placeholder-width: 300px; --smush-placeholder-aspect-ratio: 300\/225;\" \/><\/div><\/a>\n\t\t\t\t<div class=\"elementor-post__text\">\n\t\t\t\t<p class=\"elementor-post__title\">\n\t\t\t<a href=\"https:\/\/va361.com\/en\/blog\/astrazeneca-spain\/\" >\n\t\t\t\tASTRAZENECA - SPAIN\t\t\t<\/a>\n\t\t<\/p>\n\t\t\t\t<\/div>\n\t\t\t\t\t<\/div>\n\t\t<\/article>\n\t\t\t\t<\/div>\n\t\t\n\t\t\t\t\t\t<\/div>\n\t\t\t\t<\/div>\n\t\t\t\t\t<\/div>\n\t\t<\/div>\n\t\t\t\t\t<\/div>\n\t\t<\/section>\n\t\t\t\t<\/div>\n\t\t\t\t\t\t\t\t\t\t<\/div>\n\t\t\t\t<\/div>\n\t\t\t\t\t<\/div>\n\t\t<\/div>\n\t\t\t\t\t<\/div>\n\t\t<\/section>\n\t\t\t\t<\/div>","protected":false},"excerpt":{"rendered":"<p>Anterior Siguiente SPORTSPRO OTT SUMMIT A lo largo de tres d\u00edas, la cumbre conect\u00f3 e inspir\u00f3 a m\u00e1s de 500 profesionales de primera l\u00ednea. Durante<\/p>","protected":false},"author":4,"featured_media":5758,"comment_status":"open","ping_status":"open","sticky":false,"template":"elementor_header_footer","format":"standard","meta":{"_monsterinsights_skip_tracking":false,"_monsterinsights_sitenote_active":false,"_monsterinsights_sitenote_note":"","_monsterinsights_sitenote_category":0,"site-sidebar-layout":"no-sidebar","site-content-layout":"default","ast-global-header-display":"","ast-main-header-display":"","ast-hfb-above-header-display":"","ast-hfb-below-header-display":"","ast-hfb-mobile-header-display":"","site-post-title":"disabled","ast-breadcrumbs-content":"","ast-featured-img":"disabled","footer-sml-layout":"","theme-transparent-header-meta":"default","adv-header-id-meta":"","stick-header-meta":"default","header-above-stick-meta":"","header-main-stick-meta":"","header-below-stick-meta":"","footnotes":""},"categories":[8],"tags":[],"class_list":["post-5756","post","type-post","status-publish","format-standard","has-post-thumbnail","hentry","category-portafolio"],"yoast_head":"<!-- This site is optimized with the Yoast SEO plugin v28.3 - https:\/\/yoast.com\/product\/yoast-seo-wordpress\/ -->\n<title>Producci\u00f3n audiovisual del evento de Sportspro Ott en Madrid<\/title>\n<meta name=\"description\" content=\"En la empresa VA 361 Productions fuimos los encargados de llevar a cabo la producci\u00f3n audiovisual integral del evento de Sportpro Ott en Madrid\" \/>\n<meta name=\"robots\" content=\"index, follow, max-snippet:-1, max-image-preview:large, max-video-preview:-1\" \/>\n<link rel=\"canonical\" href=\"https:\/\/va361.com\/en\/blog\/sportspro-ott-summit-madrid\/\" \/>\n<meta property=\"og:locale\" content=\"en_GB\" \/>\n<meta property=\"og:type\" content=\"article\" \/>\n<meta property=\"og:title\" content=\"Producci\u00f3n audiovisual del evento de Sportspro Ott en Madrid\" \/>\n<meta property=\"og:description\" content=\"En la empresa VA 361 Productions fuimos los encargados de llevar a cabo la producci\u00f3n audiovisual integral del evento de Sportpro Ott en Madrid\" \/>\n<meta property=\"og:url\" content=\"https:\/\/va361.com\/en\/blog\/sportspro-ott-summit-madrid\/\" \/>\n<meta property=\"og:site_name\" content=\"VA 361 Productions\" \/>\n<meta property=\"article:published_time\" content=\"2022-07-19T11:45:23+00:00\" \/>\n<meta property=\"article:modified_time\" content=\"2023-08-08T09:27:22+00:00\" \/>\n<meta property=\"og:image\" content=\"https:\/\/va361.com\/wp-content\/uploads\/SPORTSPRO-OOT-SUMMIT-MADRID-scaled.jpg\" \/>\n\t<meta property=\"og:image:width\" content=\"2560\" \/>\n\t<meta property=\"og:image:height\" content=\"1440\" \/>\n\t<meta property=\"og:image:type\" content=\"image\/jpeg\" \/>\n<meta name=\"author\" content=\"Dani VA361\" \/>\n<meta name=\"twitter:card\" content=\"summary_large_image\" \/>\n<meta name=\"twitter:label1\" content=\"Written by\" \/>\n\t<meta name=\"twitter:data1\" content=\"Dani VA361\" \/>\n\t<meta name=\"twitter:label2\" content=\"Estimated reading time\" \/>\n\t<meta name=\"twitter:data2\" content=\"1 minute\" \/>\n<script type=\"application\/ld+json\" class=\"yoast-schema-graph\">{\"@context\":\"https:\\\/\\\/schema.org\",\"@graph\":[{\"@type\":\"Article\",\"@id\":\"https:\\\/\\\/va361.com\\\/blog\\\/sportspro-ott-summit-madrid\\\/#article\",\"isPartOf\":{\"@id\":\"https:\\\/\\\/va361.com\\\/blog\\\/sportspro-ott-summit-madrid\\\/\"},\"author\":{\"name\":\"Dani VA361\",\"@id\":\"https:\\\/\\\/va361.com\\\/#\\\/schema\\\/person\\\/5be700e7e4fdfcabbe36ce92f935845e\"},\"headline\":\"SPORTSPRO OTT SUMMIT &#8211; MADRID\",\"datePublished\":\"2022-07-19T11:45:23+00:00\",\"dateModified\":\"2023-08-08T09:27:22+00:00\",\"mainEntityOfPage\":{\"@id\":\"https:\\\/\\\/va361.com\\\/blog\\\/sportspro-ott-summit-madrid\\\/\"},\"wordCount\":122,\"commentCount\":2,\"publisher\":{\"@id\":\"https:\\\/\\\/va361.com\\\/#organization\"},\"image\":{\"@id\":\"https:\\\/\\\/va361.com\\\/blog\\\/sportspro-ott-summit-madrid\\\/#primaryimage\"},\"thumbnailUrl\":\"https:\\\/\\\/va361.com\\\/wp-content\\\/uploads\\\/SPORTSPRO-OOT-SUMMIT-MADRID-scaled.jpg\",\"articleSection\":[\"portafolio\"],\"inLanguage\":\"en-GB\",\"potentialAction\":[{\"@type\":\"CommentAction\",\"name\":\"Comment\",\"target\":[\"https:\\\/\\\/va361.com\\\/blog\\\/sportspro-ott-summit-madrid\\\/#respond\"]}]},{\"@type\":\"WebPage\",\"@id\":\"https:\\\/\\\/va361.com\\\/blog\\\/sportspro-ott-summit-madrid\\\/\",\"url\":\"https:\\\/\\\/va361.com\\\/blog\\\/sportspro-ott-summit-madrid\\\/\",\"name\":\"Producci\u00f3n audiovisual del evento de Sportspro Ott en Madrid\",\"isPartOf\":{\"@id\":\"https:\\\/\\\/va361.com\\\/#website\"},\"primaryImageOfPage\":{\"@id\":\"https:\\\/\\\/va361.com\\\/blog\\\/sportspro-ott-summit-madrid\\\/#primaryimage\"},\"image\":{\"@id\":\"https:\\\/\\\/va361.com\\\/blog\\\/sportspro-ott-summit-madrid\\\/#primaryimage\"},\"thumbnailUrl\":\"https:\\\/\\\/va361.com\\\/wp-content\\\/uploads\\\/SPORTSPRO-OOT-SUMMIT-MADRID-scaled.jpg\",\"datePublished\":\"2022-07-19T11:45:23+00:00\",\"dateModified\":\"2023-08-08T09:27:22+00:00\",\"description\":\"En la empresa VA 361 Productions fuimos los encargados de llevar a cabo la producci\u00f3n audiovisual integral del evento de Sportpro Ott en Madrid\",\"breadcrumb\":{\"@id\":\"https:\\\/\\\/va361.com\\\/blog\\\/sportspro-ott-summit-madrid\\\/#breadcrumb\"},\"inLanguage\":\"en-GB\",\"potentialAction\":[{\"@type\":\"ReadAction\",\"target\":[\"https:\\\/\\\/va361.com\\\/blog\\\/sportspro-ott-summit-madrid\\\/\"]}]},{\"@type\":\"ImageObject\",\"inLanguage\":\"en-GB\",\"@id\":\"https:\\\/\\\/va361.com\\\/blog\\\/sportspro-ott-summit-madrid\\\/#primaryimage\",\"url\":\"https:\\\/\\\/va361.com\\\/wp-content\\\/uploads\\\/SPORTSPRO-OOT-SUMMIT-MADRID-scaled.jpg\",\"contentUrl\":\"https:\\\/\\\/va361.com\\\/wp-content\\\/uploads\\\/SPORTSPRO-OOT-SUMMIT-MADRID-scaled.jpg\",\"width\":2560,\"height\":1440,\"caption\":\"SPORTSPRO OOT SUMMIT - Meli\u00e1 Castilla MADRID\"},{\"@type\":\"BreadcrumbList\",\"@id\":\"https:\\\/\\\/va361.com\\\/blog\\\/sportspro-ott-summit-madrid\\\/#breadcrumb\",\"itemListElement\":[{\"@type\":\"ListItem\",\"position\":1,\"name\":\"Portada\",\"item\":\"https:\\\/\\\/va361.com\\\/\"},{\"@type\":\"ListItem\",\"position\":2,\"name\":\"SPORTSPRO OTT SUMMIT &#8211; MADRID\"}]},{\"@type\":\"WebSite\",\"@id\":\"https:\\\/\\\/va361.com\\\/#website\",\"url\":\"https:\\\/\\\/va361.com\\\/\",\"name\":\"VA 361 Productions\",\"description\":\"Producci\u00f3n audiovisual para eventos\",\"publisher\":{\"@id\":\"https:\\\/\\\/va361.com\\\/#organization\"},\"potentialAction\":[{\"@type\":\"SearchAction\",\"target\":{\"@type\":\"EntryPoint\",\"urlTemplate\":\"https:\\\/\\\/va361.com\\\/?s={search_term_string}\"},\"query-input\":{\"@type\":\"PropertyValueSpecification\",\"valueRequired\":true,\"valueName\":\"search_term_string\"}}],\"inLanguage\":\"en-GB\"},{\"@type\":\"Organization\",\"@id\":\"https:\\\/\\\/va361.com\\\/#organization\",\"name\":\"VA 361 Productions\",\"alternateName\":\"VA361\",\"url\":\"https:\\\/\\\/va361.com\\\/\",\"logo\":{\"@type\":\"ImageObject\",\"inLanguage\":\"en-GB\",\"@id\":\"https:\\\/\\\/va361.com\\\/#\\\/schema\\\/logo\\\/image\\\/\",\"url\":\"https:\\\/\\\/va361.com\\\/wp-content\\\/uploads\\\/cropped-logo-horizontal.png\",\"contentUrl\":\"https:\\\/\\\/va361.com\\\/wp-content\\\/uploads\\\/cropped-logo-horizontal.png\",\"width\":400,\"height\":60,\"caption\":\"VA 361 Productions\"},\"image\":{\"@id\":\"https:\\\/\\\/va361.com\\\/#\\\/schema\\\/logo\\\/image\\\/\"},\"employee\":{\"@id\":\"https:\\\/\\\/danielpycock.com\\\/#person\"}},{\"@type\":\"Person\",\"@id\":\"https:\\\/\\\/va361.com\\\/#\\\/schema\\\/person\\\/5be700e7e4fdfcabbe36ce92f935845e\",\"name\":\"Dani VA361\",\"image\":{\"@type\":\"ImageObject\",\"inLanguage\":\"en-GB\",\"@id\":\"https:\\\/\\\/secure.gravatar.com\\\/avatar\\\/4c74de7617bf107c4ca2d99e7ffb5e45f273029ac1669e01c52b41be9bb9bbc4?s=96&d=mm&r=g\",\"url\":\"https:\\\/\\\/secure.gravatar.com\\\/avatar\\\/4c74de7617bf107c4ca2d99e7ffb5e45f273029ac1669e01c52b41be9bb9bbc4?s=96&d=mm&r=g\",\"contentUrl\":\"https:\\\/\\\/secure.gravatar.com\\\/avatar\\\/4c74de7617bf107c4ca2d99e7ffb5e45f273029ac1669e01c52b41be9bb9bbc4?s=96&d=mm&r=g\",\"caption\":\"Dani VA361\"},\"sameAs\":[\"hola@danielmartel.com\"]}]}<\/script>\n<!-- \/ Yoast SEO plugin. -->","yoast_head_json":{"title":"Audiovisual production of Sportspro Ott's event in Madrid","description":"VA 361 Productions was in charge of the complete audiovisual production of the Sportpro Ott event in Madrid.","robots":{"index":"index","follow":"follow","max-snippet":"max-snippet:-1","max-image-preview":"max-image-preview:large","max-video-preview":"max-video-preview:-1"},"canonical":"https:\/\/va361.com\/en\/blog\/sportspro-ott-summit-madrid\/","og_locale":"en_GB","og_type":"article","og_title":"Producci\u00f3n audiovisual del evento de Sportspro Ott en Madrid","og_description":"En la empresa VA 361 Productions fuimos los encargados de llevar a cabo la producci\u00f3n audiovisual integral del evento de Sportpro Ott en Madrid","og_url":"https:\/\/va361.com\/en\/blog\/sportspro-ott-summit-madrid\/","og_site_name":"VA 361 Productions","article_published_time":"2022-07-19T11:45:23+00:00","article_modified_time":"2023-08-08T09:27:22+00:00","og_image":[{"width":2560,"height":1440,"url":"https:\/\/va361.com\/wp-content\/uploads\/SPORTSPRO-OOT-SUMMIT-MADRID-scaled.jpg","type":"image\/jpeg"}],"author":"Dani VA361","twitter_card":"summary_large_image","twitter_misc":{"Written by":"Dani VA361","Estimated reading time":"1 minute"},"schema":{"@context":"https:\/\/schema.org","@graph":[{"@type":"Article","@id":"https:\/\/va361.com\/blog\/sportspro-ott-summit-madrid\/#article","isPartOf":{"@id":"https:\/\/va361.com\/blog\/sportspro-ott-summit-madrid\/"},"author":{"name":"Dani VA361","@id":"https:\/\/va361.com\/#\/schema\/person\/5be700e7e4fdfcabbe36ce92f935845e"},"headline":"SPORTSPRO OTT SUMMIT &#8211; MADRID","datePublished":"2022-07-19T11:45:23+00:00","dateModified":"2023-08-08T09:27:22+00:00","mainEntityOfPage":{"@id":"https:\/\/va361.com\/blog\/sportspro-ott-summit-madrid\/"},"wordCount":122,"commentCount":2,"publisher":{"@id":"https:\/\/va361.com\/#organization"},"image":{"@id":"https:\/\/va361.com\/blog\/sportspro-ott-summit-madrid\/#primaryimage"},"thumbnailUrl":"https:\/\/va361.com\/wp-content\/uploads\/SPORTSPRO-OOT-SUMMIT-MADRID-scaled.jpg","articleSection":["portafolio"],"inLanguage":"en-GB","potentialAction":[{"@type":"CommentAction","name":"Comment","target":["https:\/\/va361.com\/blog\/sportspro-ott-summit-madrid\/#respond"]}]},{"@type":"WebPage","@id":"https:\/\/va361.com\/blog\/sportspro-ott-summit-madrid\/","url":"https:\/\/va361.com\/blog\/sportspro-ott-summit-madrid\/","name":"Audiovisual production of Sportspro Ott's event in Madrid","isPartOf":{"@id":"https:\/\/va361.com\/#website"},"primaryImageOfPage":{"@id":"https:\/\/va361.com\/blog\/sportspro-ott-summit-madrid\/#primaryimage"},"image":{"@id":"https:\/\/va361.com\/blog\/sportspro-ott-summit-madrid\/#primaryimage"},"thumbnailUrl":"https:\/\/va361.com\/wp-content\/uploads\/SPORTSPRO-OOT-SUMMIT-MADRID-scaled.jpg","datePublished":"2022-07-19T11:45:23+00:00","dateModified":"2023-08-08T09:27:22+00:00","description":"VA 361 Productions was in charge of the complete audiovisual production of the Sportpro Ott event in Madrid.","breadcrumb":{"@id":"https:\/\/va361.com\/blog\/sportspro-ott-summit-madrid\/#breadcrumb"},"inLanguage":"en-GB","potentialAction":[{"@type":"ReadAction","target":["https:\/\/va361.com\/blog\/sportspro-ott-summit-madrid\/"]}]},{"@type":"ImageObject","inLanguage":"en-GB","@id":"https:\/\/va361.com\/blog\/sportspro-ott-summit-madrid\/#primaryimage","url":"https:\/\/va361.com\/wp-content\/uploads\/SPORTSPRO-OOT-SUMMIT-MADRID-scaled.jpg","contentUrl":"https:\/\/va361.com\/wp-content\/uploads\/SPORTSPRO-OOT-SUMMIT-MADRID-scaled.jpg","width":2560,"height":1440,"caption":"SPORTSPRO OOT SUMMIT - Meli\u00e1 Castilla MADRID"},{"@type":"BreadcrumbList","@id":"https:\/\/va361.com\/blog\/sportspro-ott-summit-madrid\/#breadcrumb","itemListElement":[{"@type":"ListItem","position":1,"name":"Portada","item":"https:\/\/va361.com\/"},{"@type":"ListItem","position":2,"name":"SPORTSPRO OTT SUMMIT &#8211; MADRID"}]},{"@type":"WebSite","@id":"https:\/\/va361.com\/#website","url":"https:\/\/va361.com\/","name":"VA 361 Productions","description":"Audiovisual production for events","publisher":{"@id":"https:\/\/va361.com\/#organization"},"potentialAction":[{"@type":"SearchAction","target":{"@type":"EntryPoint","urlTemplate":"https:\/\/va361.com\/?s={search_term_string}"},"query-input":{"@type":"PropertyValueSpecification","valueRequired":true,"valueName":"search_term_string"}}],"inLanguage":"en-GB"},{"@type":"Organization","@id":"https:\/\/va361.com\/#organization","name":"VA 361 Productions","alternateName":"VA361","url":"https:\/\/va361.com\/","logo":{"@type":"ImageObject","inLanguage":"en-GB","@id":"https:\/\/va361.com\/#\/schema\/logo\/image\/","url":"https:\/\/va361.com\/wp-content\/uploads\/cropped-logo-horizontal.png","contentUrl":"https:\/\/va361.com\/wp-content\/uploads\/cropped-logo-horizontal.png","width":400,"height":60,"caption":"VA 361 Productions"},"image":{"@id":"https:\/\/va361.com\/#\/schema\/logo\/image\/"},"employee":{"@id":"https:\/\/danielpycock.com\/#person"}},{"@type":"Person","@id":"https:\/\/va361.com\/#\/schema\/person\/5be700e7e4fdfcabbe36ce92f935845e","name":"Dani VA361","image":{"@type":"ImageObject","inLanguage":"en-GB","@id":"https:\/\/secure.gravatar.com\/avatar\/4c74de7617bf107c4ca2d99e7ffb5e45f273029ac1669e01c52b41be9bb9bbc4?s=96&d=mm&r=g","url":"https:\/\/secure.gravatar.com\/avatar\/4c74de7617bf107c4ca2d99e7ffb5e45f273029ac1669e01c52b41be9bb9bbc4?s=96&d=mm&r=g","contentUrl":"https:\/\/secure.gravatar.com\/avatar\/4c74de7617bf107c4ca2d99e7ffb5e45f273029ac1669e01c52b41be9bb9bbc4?s=96&d=mm&r=g","caption":"Dani VA361"},"sameAs":["hola@danielmartel.com"]}]}},"_links":{"self":[{"href":"https:\/\/va361.com\/en\/wp-json\/wp\/v2\/posts\/5756","targetHints":{"allow":["GET"]}}],"collection":[{"href":"https:\/\/va361.com\/en\/wp-json\/wp\/v2\/posts"}],"about":[{"href":"https:\/\/va361.com\/en\/wp-json\/wp\/v2\/types\/post"}],"author":[{"embeddable":true,"href":"https:\/\/va361.com\/en\/wp-json\/wp\/v2\/users\/4"}],"replies":[{"embeddable":true,"href":"https:\/\/va361.com\/en\/wp-json\/wp\/v2\/comments?post=5756"}],"version-history":[{"count":30,"href":"https:\/\/va361.com\/en\/wp-json\/wp\/v2\/posts\/5756\/revisions"}],"predecessor-version":[{"id":12503,"href":"https:\/\/va361.com\/en\/wp-json\/wp\/v2\/posts\/5756\/revisions\/12503"}],"wp:featuredmedia":[{"embeddable":true,"href":"https:\/\/va361.com\/en\/wp-json\/wp\/v2\/media\/5758"}],"wp:attachment":[{"href":"https:\/\/va361.com\/en\/wp-json\/wp\/v2\/media?parent=5756"}],"wp:term":[{"taxonomy":"category","embeddable":true,"href":"https:\/\/va361.com\/en\/wp-json\/wp\/v2\/categories?post=5756"},{"taxonomy":"post_tag","embeddable":true,"href":"https:\/\/va361.com\/en\/wp-json\/wp\/v2\/tags?post=5756"}],"curies":[{"name":"wp","href":"https:\/\/api.w.org\/{rel}","templated":true}]}}