{"id":14110,"date":"2024-09-30T10:08:57","date_gmt":"2024-09-30T10:08:57","guid":{"rendered":"https:\/\/va361.com\/?p=14110"},"modified":"2024-09-30T10:10:27","modified_gmt":"2024-09-30T10:10:27","slug":"we-attended-the-av-alliances-get-together-2024-in-vancouver","status":"publish","type":"post","link":"https:\/\/va361.com\/en\/blog\/we-attended-the-av-alliances-get-together-2024-in-vancouver\/","title":{"rendered":"We attended the AV Alliance's Get Together 2024 in Vancouver"},"content":{"rendered":"<div data-elementor-type=\"wp-post\" data-elementor-id=\"14110\" class=\"elementor elementor-14110\" data-elementor-post-type=\"post\">\n\t\t\t\t\t\t<section class=\"elementor-section elementor-top-section elementor-element elementor-element-a13b3c2 elementor-section-boxed elementor-section-height-default elementor-section-height-default\" data-id=\"a13b3c2\" data-element_type=\"section\" data-e-type=\"section\">\n\t\t\t\t\t\t<div class=\"elementor-container elementor-column-gap-default\">\n\t\t\t\t\t<div class=\"elementor-column elementor-col-100 elementor-top-column elementor-element elementor-element-2edf742\" data-id=\"2edf742\" data-element_type=\"column\" data-e-type=\"column\">\n\t\t\t<div class=\"elementor-widget-wrap elementor-element-populated\">\n\t\t\t\t\t\t<div class=\"elementor-element elementor-element-d2d1e31 elementor-widget elementor-widget-text-editor\" data-id=\"d2d1e31\" data-element_type=\"widget\" data-e-type=\"widget\" data-widget_type=\"text-editor.default\">\n\t\t\t\t<div class=\"elementor-widget-container\">\n\t\t\t\t\t\t\t\t\t<p>From September 25 to 28, at <strong>VA 361 Productions<\/strong> we attended the <strong>AV Alliance Get Together<\/strong> in Vancouver, a must-attend event that brought together the most prominent leaders and companies in the global audiovisual industry. This meeting became a <strong>an essential platform for sharing the latest technological advances and best practices in audiovisual production.<\/strong><\/p><h2>The AV Alliance's key annual event<\/h2><p>The <strong>Get Together<\/strong> is one of the most important events of the year for the alliance, since it allows its members to <strong>sharing knowledge, discussing emerging trends and exploring new ways to improve audiovisual production<\/strong> for corporate events.<\/p><p>This year's event, held in Vancouver,<strong>\u00a0not only focused on the technical aspects, but also provided opportunities for networking and strengthening relationships among professionals in the sector.<\/strong><\/p><h3>Why is this event important?<\/h3><p>AV Alliance's Get Together<strong> is an excellent opportunity for audiovisual companies to keep up with the latest technological innovations.<\/strong> The audiovisual sector is constantly evolving, and knowing the new solutions in sound and lighting can make a difference in the quality and impact of any event. In addition, <strong>the adoption of more efficient technologies can optimize resources, reduce costs and improve the audience experience.<\/strong><\/p><h2>AV Alliance Get Together Highlights<\/h2><p>The event began with a warm welcome from the organizers, followed by presentations from the following speakers <strong>Stagevision<\/strong> and <strong>Proshow Audiovisual<\/strong>.\u00a0<\/p><h2>Technical presentations and showcases<\/h2><p>This was followed by technical presentations and showcases by some of the most innovative members of the AV Alliance, including <strong>satis&amp;fy<\/strong>, <strong>AVFX<\/strong>, <strong>Special Effects<\/strong> and <strong>Limelight Veranstaltungstechnik<\/strong>. These companies showcased the latest advances in audiovisual technology, including solutions for hybrid events, interactive projections and immersive environments.<\/p><p><span style=\"color: var(--ast-global-color-2); font-size: 2em; font-weight: 400;\">Sustainability in Events: Implementation of ISO 20121<\/span><\/p><p>During the presentation on the standard <strong>ISO 20121<\/strong>Alex Ostermaier explained how this certification helps companies to <b>manage events in a sustainable manner, reducing environmental impact and optimizing the use of resources. <\/b>This standard is becoming an essential standard for companies wishing to be recognized for their efforts in organizing environmentally responsible events.<\/p><h4>What does this mean for event companies?<\/h4><p>Companies that integrate sustainability into their operations not only comply with environmental regulations, <b>but also respond to growing customer demand for more responsible events.<\/b> The implementation of technologies such as LED lighting, energy-saving projections and waste reduction in production are key steps to achieve sustainable audiovisual production.<\/p><h2>Sponsors and State-of-the-Art Technology<\/h2><p>Afterwards, there was also a space for the presentations of the sponsors of the event, where leading technology companies, such as <strong>Barco<\/strong>, <strong>Disguise<\/strong>, <strong>Panasonic Connect<\/strong>, <strong>AV-Drop, ROE visual, Elation Lightning, Intellievent<\/strong>\u00a0and <strong>Theatrixx Technologies<\/strong>. These companies showcased the latest tools and solutions for events.<\/p><p><span style=\"color: var(--ast-global-color-2); font-size: 3em; font-weight: 400;\">The Importance of Networking and Collaboration<\/span><\/p><p>The <strong>AV Alliance Get Together<\/strong> was not only an opportunity to learn about the latest technological innovations, but also a space for the <strong>networking<\/strong> and the creation of partnerships between companies in the sector. During coffee breaks and lunch, attendees were able to exchange ideas, discuss their experiences and establish strategic alliances.<\/p><p><span style=\"font-size: 15px;\">The <\/span><strong style=\"font-size: 15px;\">AV Alliance Get Together<\/strong><span style=\"font-size: 15px;\"> in Vancouver has been an enriching experience that demonstrated the importance of keeping up with the latest trends. For companies such as <\/span><strong style=\"font-size: 15px;\">VA 361 Productions<\/strong><span style=\"font-size: 15px;\">, <b>these events are essential to continue offering high quality services and staying ahead in a competitive industry.<\/b> We are confident that the solutions presented, from sustainability to new equipment, will shape the future of audiovisual production at events.<\/span><\/p><p>We look forward to the next Get Together!<\/p>\t\t\t\t\t\t\t\t<\/div>\n\t\t\t\t<\/div>\n\t\t\t\t\t<\/div>\n\t\t<\/div>\n\t\t\t\t\t<\/div>\n\t\t<\/section>\n\t\t\t\t<section class=\"elementor-section elementor-top-section elementor-element elementor-element-e178fdb elementor-section-boxed elementor-section-height-default elementor-section-height-default\" data-id=\"e178fdb\" data-element_type=\"section\" data-e-type=\"section\">\n\t\t\t\t\t\t<div class=\"elementor-container elementor-column-gap-default\">\n\t\t\t\t\t<div class=\"elementor-column elementor-col-100 elementor-top-column elementor-element elementor-element-c90e487\" data-id=\"c90e487\" data-element_type=\"column\" data-e-type=\"column\">\n\t\t\t<div class=\"elementor-widget-wrap elementor-element-populated\">\n\t\t\t\t\t\t<div class=\"elementor-element elementor-element-9a1af04 elementor-widget elementor-widget-image-gallery\" data-id=\"9a1af04\" data-element_type=\"widget\" data-e-type=\"widget\" data-widget_type=\"image-gallery.default\">\n\t\t\t\t<div class=\"elementor-widget-container\">\n\t\t\t\t\t\t\t<div class=\"elementor-image-gallery\">\n\t\t\t<div id='gallery-1' class='gallery galleryid-14110 gallery-columns-3 gallery-size-medium'><figure class='gallery-item'>\n\t\t\t<div class='gallery-icon landscape'>\n\t\t\t\t<a data-elementor-open-lightbox=\"yes\" data-elementor-lightbox-slideshow=\"9a1af04\" data-elementor-lightbox-title=\"Imagen de WhatsApp 2024-09-30 a las 11.56.09_43f0f915\" data-e-action-hash=\"#elementor-action%3Aaction%3Dlightbox%26settings%3DeyJpZCI6MTQxODQsInVybCI6Imh0dHBzOlwvXC92YTM2MS5jb21cL3dwLWNvbnRlbnRcL3VwbG9hZHNcL0ltYWdlbi1kZS1XaGF0c0FwcC0yMDI0LTA5LTMwLWEtbGFzLTExLjU2LjA5XzQzZjBmOTE1LmpwZyIsInNsaWRlc2hvdyI6IjlhMWFmMDQifQ%3D%3D\" href='https:\/\/va361.com\/wp-content\/uploads\/Imagen-de-WhatsApp-2024-09-30-a-las-11.56.09_43f0f915.jpg'><img fetchpriority=\"high\" decoding=\"async\" width=\"300\" height=\"225\" src=\"https:\/\/va361.com\/wp-content\/uploads\/Imagen-de-WhatsApp-2024-09-30-a-las-11.56.09_43f0f915-300x225.jpg\" class=\"attachment-medium size-medium\" alt=\"\" srcset=\"https:\/\/va361.com\/wp-content\/uploads\/Imagen-de-WhatsApp-2024-09-30-a-las-11.56.09_43f0f915-300x225.jpg 300w, https:\/\/va361.com\/wp-content\/uploads\/Imagen-de-WhatsApp-2024-09-30-a-las-11.56.09_43f0f915-1024x768.jpg 1024w, https:\/\/va361.com\/wp-content\/uploads\/Imagen-de-WhatsApp-2024-09-30-a-las-11.56.09_43f0f915-768x576.jpg 768w, https:\/\/va361.com\/wp-content\/uploads\/Imagen-de-WhatsApp-2024-09-30-a-las-11.56.09_43f0f915-1536x1152.jpg 1536w, https:\/\/va361.com\/wp-content\/uploads\/Imagen-de-WhatsApp-2024-09-30-a-las-11.56.09_43f0f915-16x12.jpg 16w, https:\/\/va361.com\/wp-content\/uploads\/Imagen-de-WhatsApp-2024-09-30-a-las-11.56.09_43f0f915.jpg 2048w\" sizes=\"(max-width: 300px) 100vw, 300px\" \/><\/a>\n\t\t\t<\/div><\/figure><figure class='gallery-item'>\n\t\t\t<div class='gallery-icon landscape'>\n\t\t\t\t<a data-elementor-open-lightbox=\"yes\" data-elementor-lightbox-slideshow=\"9a1af04\" data-elementor-lightbox-title=\"Imagen de WhatsApp 2024-09-27 a las 22.38.00_caf09efb\" data-e-action-hash=\"#elementor-action%3Aaction%3Dlightbox%26settings%3DeyJpZCI6MTQxODUsInVybCI6Imh0dHBzOlwvXC92YTM2MS5jb21cL3dwLWNvbnRlbnRcL3VwbG9hZHNcL0ltYWdlbi1kZS1XaGF0c0FwcC0yMDI0LTA5LTI3LWEtbGFzLTIyLjM4LjAwX2NhZjA5ZWZiLmpwZyIsInNsaWRlc2hvdyI6IjlhMWFmMDQifQ%3D%3D\" href='https:\/\/va361.com\/wp-content\/uploads\/Imagen-de-WhatsApp-2024-09-27-a-las-22.38.00_caf09efb.jpg'><img decoding=\"async\" width=\"300\" height=\"225\" data-src=\"https:\/\/va361.com\/wp-content\/uploads\/Imagen-de-WhatsApp-2024-09-27-a-las-22.38.00_caf09efb-300x225.jpg\" class=\"attachment-medium size-medium lazyload\" alt=\"\" data-srcset=\"https:\/\/va361.com\/wp-content\/uploads\/Imagen-de-WhatsApp-2024-09-27-a-las-22.38.00_caf09efb-300x225.jpg 300w, https:\/\/va361.com\/wp-content\/uploads\/Imagen-de-WhatsApp-2024-09-27-a-las-22.38.00_caf09efb-1024x768.jpg 1024w, https:\/\/va361.com\/wp-content\/uploads\/Imagen-de-WhatsApp-2024-09-27-a-las-22.38.00_caf09efb-768x576.jpg 768w, https:\/\/va361.com\/wp-content\/uploads\/Imagen-de-WhatsApp-2024-09-27-a-las-22.38.00_caf09efb-1536x1152.jpg 1536w, https:\/\/va361.com\/wp-content\/uploads\/Imagen-de-WhatsApp-2024-09-27-a-las-22.38.00_caf09efb-16x12.jpg 16w, https:\/\/va361.com\/wp-content\/uploads\/Imagen-de-WhatsApp-2024-09-27-a-las-22.38.00_caf09efb.jpg 1600w\" data-sizes=\"(max-width: 300px) 100vw, 300px\" src=\"data:image\/svg+xml;base64,PHN2ZyB3aWR0aD0iMSIgaGVpZ2h0PSIxIiB4bWxucz0iaHR0cDovL3d3dy53My5vcmcvMjAwMC9zdmciPjwvc3ZnPg==\" style=\"--smush-placeholder-width: 300px; --smush-placeholder-aspect-ratio: 300\/225;\" \/><\/a>\n\t\t\t<\/div><\/figure><figure class='gallery-item'>\n\t\t\t<div class='gallery-icon landscape'>\n\t\t\t\t<a data-elementor-open-lightbox=\"yes\" data-elementor-lightbox-slideshow=\"9a1af04\" data-elementor-lightbox-title=\"Imagen de WhatsApp 2024-09-27 a las 19.14.28_63a9bd9a (1)\" data-e-action-hash=\"#elementor-action%3Aaction%3Dlightbox%26settings%3DeyJpZCI6MTQxODYsInVybCI6Imh0dHBzOlwvXC92YTM2MS5jb21cL3dwLWNvbnRlbnRcL3VwbG9hZHNcL0ltYWdlbi1kZS1XaGF0c0FwcC0yMDI0LTA5LTI3LWEtbGFzLTE5LjE0LjI4XzYzYTliZDlhLTEuanBnIiwic2xpZGVzaG93IjoiOWExYWYwNCJ9\" href='https:\/\/va361.com\/wp-content\/uploads\/Imagen-de-WhatsApp-2024-09-27-a-las-19.14.28_63a9bd9a-1.jpg'><img decoding=\"async\" width=\"300\" height=\"225\" data-src=\"https:\/\/va361.com\/wp-content\/uploads\/Imagen-de-WhatsApp-2024-09-27-a-las-19.14.28_63a9bd9a-1-300x225.jpg\" class=\"attachment-medium size-medium lazyload\" alt=\"\" data-srcset=\"https:\/\/va361.com\/wp-content\/uploads\/Imagen-de-WhatsApp-2024-09-27-a-las-19.14.28_63a9bd9a-1-300x225.jpg 300w, https:\/\/va361.com\/wp-content\/uploads\/Imagen-de-WhatsApp-2024-09-27-a-las-19.14.28_63a9bd9a-1-1024x768.jpg 1024w, https:\/\/va361.com\/wp-content\/uploads\/Imagen-de-WhatsApp-2024-09-27-a-las-19.14.28_63a9bd9a-1-768x576.jpg 768w, https:\/\/va361.com\/wp-content\/uploads\/Imagen-de-WhatsApp-2024-09-27-a-las-19.14.28_63a9bd9a-1-1536x1152.jpg 1536w, https:\/\/va361.com\/wp-content\/uploads\/Imagen-de-WhatsApp-2024-09-27-a-las-19.14.28_63a9bd9a-1-16x12.jpg 16w, https:\/\/va361.com\/wp-content\/uploads\/Imagen-de-WhatsApp-2024-09-27-a-las-19.14.28_63a9bd9a-1.jpg 2048w\" data-sizes=\"(max-width: 300px) 100vw, 300px\" src=\"data:image\/svg+xml;base64,PHN2ZyB3aWR0aD0iMSIgaGVpZ2h0PSIxIiB4bWxucz0iaHR0cDovL3d3dy53My5vcmcvMjAwMC9zdmciPjwvc3ZnPg==\" style=\"--smush-placeholder-width: 300px; --smush-placeholder-aspect-ratio: 300\/225;\" \/><\/a>\n\t\t\t<\/div><\/figure>\n\t\t<\/div>\n\t\t<\/div>\n\t\t\t\t\t\t<\/div>\n\t\t\t\t<\/div>\n\t\t\t\t\t<\/div>\n\t\t<\/div>\n\t\t\t\t\t<\/div>\n\t\t<\/section>\n\t\t\t\t<\/div>","protected":false},"excerpt":{"rendered":"<p>Del 25 al 28 de septiembre, en VA 361 Productions asistimos al Get Together del AV Alliance en Vancouver, un evento imprescindible que reuni\u00f3 a los l\u00edderes y empresas m\u00e1s destacadas de la industria audiovisual a nivel global. Este encuentro se convirti\u00f3 en una plataforma esencial para compartir los \u00faltimos avances tecnol\u00f3gicos y mejores pr\u00e1cticas &hellip;<\/p>\n<p class=\"read-more\"> <a class=\"\" href=\"https:\/\/va361.com\/en\/blog\/we-attended-the-av-alliances-get-together-2024-in-vancouver\/\"> <span class=\"screen-reader-text\">We attended the AV Alliance's Get Together 2024 in Vancouver<\/span> Read More \u00bb<\/a><\/p>","protected":false},"author":4,"featured_media":14182,"comment_status":"closed","ping_status":"closed","sticky":false,"template":"","format":"standard","meta":{"_monsterinsights_skip_tracking":false,"_monsterinsights_sitenote_active":false,"_monsterinsights_sitenote_note":"","_monsterinsights_sitenote_category":0,"site-sidebar-layout":"default","site-content-layout":"default","ast-global-header-display":"","ast-main-header-display":"","ast-hfb-above-header-display":"","ast-hfb-below-header-display":"","ast-hfb-mobile-header-display":"","site-post-title":"","ast-breadcrumbs-content":"","ast-featured-img":"","footer-sml-layout":"","theme-transparent-header-meta":"default","adv-header-id-meta":"","stick-header-meta":"","header-above-stick-meta":"","header-main-stick-meta":"","header-below-stick-meta":"","footnotes":""},"categories":[1],"tags":[],"class_list":["post-14110","post","type-post","status-publish","format-standard","has-post-thumbnail","hentry","category-news"],"yoast_head":"<!-- This site is optimized with the Yoast SEO plugin v28.3 - https:\/\/yoast.com\/product\/yoast-seo-wordpress\/ -->\n<title>Asistimos al Get Together 2024 del AV Alliance en Vancouver: Innovaci\u00f3n y Tendencias Audiovisuales<\/title>\n<meta name=\"description\" content=\"Descubre lo m\u00e1s destacado del Get Together del AV Alliance, del 25 al 28 de septiembre en Vancouver. Analizamos innovaciones t\u00e9cnicas, ponencias clave y la importancia de las actualizaciones tecnol\u00f3gicas para la industria audiovisual en eventos corporativos.\" \/>\n<meta name=\"robots\" content=\"index, follow, max-snippet:-1, max-image-preview:large, max-video-preview:-1\" \/>\n<link rel=\"canonical\" href=\"https:\/\/va361.com\/en\/blog\/we-attended-the-av-alliances-get-together-2024-in-vancouver\/\" \/>\n<meta property=\"og:locale\" content=\"en_GB\" \/>\n<meta property=\"og:type\" content=\"article\" \/>\n<meta property=\"og:title\" content=\"Asistimos al Get Together 2024 del AV Alliance en Vancouver: Innovaci\u00f3n y Tendencias Audiovisuales\" \/>\n<meta property=\"og:description\" content=\"Descubre lo m\u00e1s destacado del Get Together del AV Alliance, del 25 al 28 de septiembre en Vancouver. Analizamos innovaciones t\u00e9cnicas, ponencias clave y la importancia de las actualizaciones tecnol\u00f3gicas para la industria audiovisual en eventos corporativos.\" \/>\n<meta property=\"og:url\" content=\"https:\/\/va361.com\/en\/blog\/we-attended-the-av-alliances-get-together-2024-in-vancouver\/\" \/>\n<meta property=\"og:site_name\" content=\"VA 361 Productions\" \/>\n<meta property=\"article:published_time\" content=\"2024-09-30T10:08:57+00:00\" \/>\n<meta property=\"article:modified_time\" content=\"2024-09-30T10:10:27+00:00\" \/>\n<meta property=\"og:image\" content=\"https:\/\/va361.com\/wp-content\/uploads\/Asistimos-al-Get-Together-2024-del-AV-Alliance-en-Vancouver.jpg\" \/>\n\t<meta property=\"og:image:width\" content=\"2048\" \/>\n\t<meta property=\"og:image:height\" content=\"1536\" \/>\n\t<meta property=\"og:image:type\" content=\"image\/jpeg\" \/>\n<meta name=\"author\" content=\"Dani VA361\" \/>\n<meta name=\"twitter:card\" content=\"summary_large_image\" \/>\n<meta name=\"twitter:label1\" content=\"Written by\" \/>\n\t<meta name=\"twitter:data1\" content=\"Dani VA361\" \/>\n\t<meta name=\"twitter:label2\" content=\"Estimated reading time\" \/>\n\t<meta name=\"twitter:data2\" content=\"4 minutes\" \/>\n<script type=\"application\/ld+json\" class=\"yoast-schema-graph\">{\"@context\":\"https:\\\/\\\/schema.org\",\"@graph\":[{\"@type\":\"Article\",\"@id\":\"https:\\\/\\\/va361.com\\\/blog\\\/asistimos-al-get-together-2024-del-av-alliance-en-vancouver\\\/#article\",\"isPartOf\":{\"@id\":\"https:\\\/\\\/va361.com\\\/blog\\\/asistimos-al-get-together-2024-del-av-alliance-en-vancouver\\\/\"},\"author\":{\"name\":\"Dani VA361\",\"@id\":\"https:\\\/\\\/va361.com\\\/#\\\/schema\\\/person\\\/5be700e7e4fdfcabbe36ce92f935845e\"},\"headline\":\"Asistimos al Get Together 2024 del AV Alliance en Vancouver\",\"datePublished\":\"2024-09-30T10:08:57+00:00\",\"dateModified\":\"2024-09-30T10:10:27+00:00\",\"mainEntityOfPage\":{\"@id\":\"https:\\\/\\\/va361.com\\\/blog\\\/asistimos-al-get-together-2024-del-av-alliance-en-vancouver\\\/\"},\"wordCount\":681,\"publisher\":{\"@id\":\"https:\\\/\\\/va361.com\\\/#organization\"},\"image\":{\"@id\":\"https:\\\/\\\/va361.com\\\/blog\\\/asistimos-al-get-together-2024-del-av-alliance-en-vancouver\\\/#primaryimage\"},\"thumbnailUrl\":\"https:\\\/\\\/va361.com\\\/wp-content\\\/uploads\\\/Asistimos-al-Get-Together-2024-del-AV-Alliance-en-Vancouver.jpg\",\"articleSection\":[\"News\"],\"inLanguage\":\"en-GB\"},{\"@type\":\"WebPage\",\"@id\":\"https:\\\/\\\/va361.com\\\/blog\\\/asistimos-al-get-together-2024-del-av-alliance-en-vancouver\\\/\",\"url\":\"https:\\\/\\\/va361.com\\\/blog\\\/asistimos-al-get-together-2024-del-av-alliance-en-vancouver\\\/\",\"name\":\"Asistimos al Get Together 2024 del AV Alliance en Vancouver: Innovaci\u00f3n y Tendencias Audiovisuales\",\"isPartOf\":{\"@id\":\"https:\\\/\\\/va361.com\\\/#website\"},\"primaryImageOfPage\":{\"@id\":\"https:\\\/\\\/va361.com\\\/blog\\\/asistimos-al-get-together-2024-del-av-alliance-en-vancouver\\\/#primaryimage\"},\"image\":{\"@id\":\"https:\\\/\\\/va361.com\\\/blog\\\/asistimos-al-get-together-2024-del-av-alliance-en-vancouver\\\/#primaryimage\"},\"thumbnailUrl\":\"https:\\\/\\\/va361.com\\\/wp-content\\\/uploads\\\/Asistimos-al-Get-Together-2024-del-AV-Alliance-en-Vancouver.jpg\",\"datePublished\":\"2024-09-30T10:08:57+00:00\",\"dateModified\":\"2024-09-30T10:10:27+00:00\",\"description\":\"Descubre lo m\u00e1s destacado del Get Together del AV Alliance, del 25 al 28 de septiembre en Vancouver. Analizamos innovaciones t\u00e9cnicas, ponencias clave y la importancia de las actualizaciones tecnol\u00f3gicas para la industria audiovisual en eventos corporativos.\",\"breadcrumb\":{\"@id\":\"https:\\\/\\\/va361.com\\\/blog\\\/asistimos-al-get-together-2024-del-av-alliance-en-vancouver\\\/#breadcrumb\"},\"inLanguage\":\"en-GB\",\"potentialAction\":[{\"@type\":\"ReadAction\",\"target\":[\"https:\\\/\\\/va361.com\\\/blog\\\/asistimos-al-get-together-2024-del-av-alliance-en-vancouver\\\/\"]}]},{\"@type\":\"ImageObject\",\"inLanguage\":\"en-GB\",\"@id\":\"https:\\\/\\\/va361.com\\\/blog\\\/asistimos-al-get-together-2024-del-av-alliance-en-vancouver\\\/#primaryimage\",\"url\":\"https:\\\/\\\/va361.com\\\/wp-content\\\/uploads\\\/Asistimos-al-Get-Together-2024-del-AV-Alliance-en-Vancouver.jpg\",\"contentUrl\":\"https:\\\/\\\/va361.com\\\/wp-content\\\/uploads\\\/Asistimos-al-Get-Together-2024-del-AV-Alliance-en-Vancouver.jpg\",\"width\":2048,\"height\":1536,\"caption\":\"Asistimos al Get Together 2024 del AV Alliance en Vancouver\"},{\"@type\":\"BreadcrumbList\",\"@id\":\"https:\\\/\\\/va361.com\\\/blog\\\/asistimos-al-get-together-2024-del-av-alliance-en-vancouver\\\/#breadcrumb\",\"itemListElement\":[{\"@type\":\"ListItem\",\"position\":1,\"name\":\"Portada\",\"item\":\"https:\\\/\\\/va361.com\\\/\"},{\"@type\":\"ListItem\",\"position\":2,\"name\":\"Asistimos al Get Together 2024 del AV Alliance en Vancouver\"}]},{\"@type\":\"WebSite\",\"@id\":\"https:\\\/\\\/va361.com\\\/#website\",\"url\":\"https:\\\/\\\/va361.com\\\/\",\"name\":\"VA 361 Productions\",\"description\":\"Producci\u00f3n audiovisual para eventos\",\"publisher\":{\"@id\":\"https:\\\/\\\/va361.com\\\/#organization\"},\"potentialAction\":[{\"@type\":\"SearchAction\",\"target\":{\"@type\":\"EntryPoint\",\"urlTemplate\":\"https:\\\/\\\/va361.com\\\/?s={search_term_string}\"},\"query-input\":{\"@type\":\"PropertyValueSpecification\",\"valueRequired\":true,\"valueName\":\"search_term_string\"}}],\"inLanguage\":\"en-GB\"},{\"@type\":\"Organization\",\"@id\":\"https:\\\/\\\/va361.com\\\/#organization\",\"name\":\"VA 361 Productions\",\"alternateName\":\"VA361\",\"url\":\"https:\\\/\\\/va361.com\\\/\",\"logo\":{\"@type\":\"ImageObject\",\"inLanguage\":\"en-GB\",\"@id\":\"https:\\\/\\\/va361.com\\\/#\\\/schema\\\/logo\\\/image\\\/\",\"url\":\"https:\\\/\\\/va361.com\\\/wp-content\\\/uploads\\\/cropped-logo-horizontal.png\",\"contentUrl\":\"https:\\\/\\\/va361.com\\\/wp-content\\\/uploads\\\/cropped-logo-horizontal.png\",\"width\":400,\"height\":60,\"caption\":\"VA 361 Productions\"},\"image\":{\"@id\":\"https:\\\/\\\/va361.com\\\/#\\\/schema\\\/logo\\\/image\\\/\"},\"employee\":{\"@id\":\"https:\\\/\\\/danielpycock.com\\\/#person\"}},{\"@type\":\"Person\",\"@id\":\"https:\\\/\\\/va361.com\\\/#\\\/schema\\\/person\\\/5be700e7e4fdfcabbe36ce92f935845e\",\"name\":\"Dani VA361\",\"image\":{\"@type\":\"ImageObject\",\"inLanguage\":\"en-GB\",\"@id\":\"https:\\\/\\\/secure.gravatar.com\\\/avatar\\\/4c74de7617bf107c4ca2d99e7ffb5e45f273029ac1669e01c52b41be9bb9bbc4?s=96&d=mm&r=g\",\"url\":\"https:\\\/\\\/secure.gravatar.com\\\/avatar\\\/4c74de7617bf107c4ca2d99e7ffb5e45f273029ac1669e01c52b41be9bb9bbc4?s=96&d=mm&r=g\",\"contentUrl\":\"https:\\\/\\\/secure.gravatar.com\\\/avatar\\\/4c74de7617bf107c4ca2d99e7ffb5e45f273029ac1669e01c52b41be9bb9bbc4?s=96&d=mm&r=g\",\"caption\":\"Dani VA361\"},\"sameAs\":[\"hola@danielmartel.com\"]}]}<\/script>\n<!-- \/ Yoast SEO plugin. -->","yoast_head_json":{"title":"We attended the AV Alliance's Get Together 2024 in Vancouver: Innovation and Audiovisual Trends.","description":"Discover the highlights of the AV Alliance's Get Together, September 25-28 in Vancouver. We analyze technical innovations, keynote presentations and the importance of technology updates for the audiovisual industry in corporate events.","robots":{"index":"index","follow":"follow","max-snippet":"max-snippet:-1","max-image-preview":"max-image-preview:large","max-video-preview":"max-video-preview:-1"},"canonical":"https:\/\/va361.com\/en\/blog\/we-attended-the-av-alliances-get-together-2024-in-vancouver\/","og_locale":"en_GB","og_type":"article","og_title":"Asistimos al Get Together 2024 del AV Alliance en Vancouver: Innovaci\u00f3n y Tendencias Audiovisuales","og_description":"Descubre lo m\u00e1s destacado del Get Together del AV Alliance, del 25 al 28 de septiembre en Vancouver. Analizamos innovaciones t\u00e9cnicas, ponencias clave y la importancia de las actualizaciones tecnol\u00f3gicas para la industria audiovisual en eventos corporativos.","og_url":"https:\/\/va361.com\/en\/blog\/we-attended-the-av-alliances-get-together-2024-in-vancouver\/","og_site_name":"VA 361 Productions","article_published_time":"2024-09-30T10:08:57+00:00","article_modified_time":"2024-09-30T10:10:27+00:00","og_image":[{"width":2048,"height":1536,"url":"https:\/\/va361.com\/wp-content\/uploads\/Asistimos-al-Get-Together-2024-del-AV-Alliance-en-Vancouver.jpg","type":"image\/jpeg"}],"author":"Dani VA361","twitter_card":"summary_large_image","twitter_misc":{"Written by":"Dani VA361","Estimated reading time":"4 minutes"},"schema":{"@context":"https:\/\/schema.org","@graph":[{"@type":"Article","@id":"https:\/\/va361.com\/blog\/asistimos-al-get-together-2024-del-av-alliance-en-vancouver\/#article","isPartOf":{"@id":"https:\/\/va361.com\/blog\/asistimos-al-get-together-2024-del-av-alliance-en-vancouver\/"},"author":{"name":"Dani VA361","@id":"https:\/\/va361.com\/#\/schema\/person\/5be700e7e4fdfcabbe36ce92f935845e"},"headline":"Asistimos al Get Together 2024 del AV Alliance en Vancouver","datePublished":"2024-09-30T10:08:57+00:00","dateModified":"2024-09-30T10:10:27+00:00","mainEntityOfPage":{"@id":"https:\/\/va361.com\/blog\/asistimos-al-get-together-2024-del-av-alliance-en-vancouver\/"},"wordCount":681,"publisher":{"@id":"https:\/\/va361.com\/#organization"},"image":{"@id":"https:\/\/va361.com\/blog\/asistimos-al-get-together-2024-del-av-alliance-en-vancouver\/#primaryimage"},"thumbnailUrl":"https:\/\/va361.com\/wp-content\/uploads\/Asistimos-al-Get-Together-2024-del-AV-Alliance-en-Vancouver.jpg","articleSection":["News"],"inLanguage":"en-GB"},{"@type":"WebPage","@id":"https:\/\/va361.com\/blog\/asistimos-al-get-together-2024-del-av-alliance-en-vancouver\/","url":"https:\/\/va361.com\/blog\/asistimos-al-get-together-2024-del-av-alliance-en-vancouver\/","name":"We attended the AV Alliance's Get Together 2024 in Vancouver: Innovation and Audiovisual Trends.","isPartOf":{"@id":"https:\/\/va361.com\/#website"},"primaryImageOfPage":{"@id":"https:\/\/va361.com\/blog\/asistimos-al-get-together-2024-del-av-alliance-en-vancouver\/#primaryimage"},"image":{"@id":"https:\/\/va361.com\/blog\/asistimos-al-get-together-2024-del-av-alliance-en-vancouver\/#primaryimage"},"thumbnailUrl":"https:\/\/va361.com\/wp-content\/uploads\/Asistimos-al-Get-Together-2024-del-AV-Alliance-en-Vancouver.jpg","datePublished":"2024-09-30T10:08:57+00:00","dateModified":"2024-09-30T10:10:27+00:00","description":"Discover the highlights of the AV Alliance's Get Together, September 25-28 in Vancouver. We analyze technical innovations, keynote presentations and the importance of technology updates for the audiovisual industry in corporate events.","breadcrumb":{"@id":"https:\/\/va361.com\/blog\/asistimos-al-get-together-2024-del-av-alliance-en-vancouver\/#breadcrumb"},"inLanguage":"en-GB","potentialAction":[{"@type":"ReadAction","target":["https:\/\/va361.com\/blog\/asistimos-al-get-together-2024-del-av-alliance-en-vancouver\/"]}]},{"@type":"ImageObject","inLanguage":"en-GB","@id":"https:\/\/va361.com\/blog\/asistimos-al-get-together-2024-del-av-alliance-en-vancouver\/#primaryimage","url":"https:\/\/va361.com\/wp-content\/uploads\/Asistimos-al-Get-Together-2024-del-AV-Alliance-en-Vancouver.jpg","contentUrl":"https:\/\/va361.com\/wp-content\/uploads\/Asistimos-al-Get-Together-2024-del-AV-Alliance-en-Vancouver.jpg","width":2048,"height":1536,"caption":"Asistimos al Get Together 2024 del AV Alliance en Vancouver"},{"@type":"BreadcrumbList","@id":"https:\/\/va361.com\/blog\/asistimos-al-get-together-2024-del-av-alliance-en-vancouver\/#breadcrumb","itemListElement":[{"@type":"ListItem","position":1,"name":"Portada","item":"https:\/\/va361.com\/"},{"@type":"ListItem","position":2,"name":"Asistimos al Get Together 2024 del AV Alliance en Vancouver"}]},{"@type":"WebSite","@id":"https:\/\/va361.com\/#website","url":"https:\/\/va361.com\/","name":"VA 361 Productions","description":"Audiovisual production for events","publisher":{"@id":"https:\/\/va361.com\/#organization"},"potentialAction":[{"@type":"SearchAction","target":{"@type":"EntryPoint","urlTemplate":"https:\/\/va361.com\/?s={search_term_string}"},"query-input":{"@type":"PropertyValueSpecification","valueRequired":true,"valueName":"search_term_string"}}],"inLanguage":"en-GB"},{"@type":"Organization","@id":"https:\/\/va361.com\/#organization","name":"VA 361 Productions","alternateName":"VA361","url":"https:\/\/va361.com\/","logo":{"@type":"ImageObject","inLanguage":"en-GB","@id":"https:\/\/va361.com\/#\/schema\/logo\/image\/","url":"https:\/\/va361.com\/wp-content\/uploads\/cropped-logo-horizontal.png","contentUrl":"https:\/\/va361.com\/wp-content\/uploads\/cropped-logo-horizontal.png","width":400,"height":60,"caption":"VA 361 Productions"},"image":{"@id":"https:\/\/va361.com\/#\/schema\/logo\/image\/"},"employee":{"@id":"https:\/\/danielpycock.com\/#person"}},{"@type":"Person","@id":"https:\/\/va361.com\/#\/schema\/person\/5be700e7e4fdfcabbe36ce92f935845e","name":"Dani VA361","image":{"@type":"ImageObject","inLanguage":"en-GB","@id":"https:\/\/secure.gravatar.com\/avatar\/4c74de7617bf107c4ca2d99e7ffb5e45f273029ac1669e01c52b41be9bb9bbc4?s=96&d=mm&r=g","url":"https:\/\/secure.gravatar.com\/avatar\/4c74de7617bf107c4ca2d99e7ffb5e45f273029ac1669e01c52b41be9bb9bbc4?s=96&d=mm&r=g","contentUrl":"https:\/\/secure.gravatar.com\/avatar\/4c74de7617bf107c4ca2d99e7ffb5e45f273029ac1669e01c52b41be9bb9bbc4?s=96&d=mm&r=g","caption":"Dani VA361"},"sameAs":["hola@danielmartel.com"]}]}},"_links":{"self":[{"href":"https:\/\/va361.com\/en\/wp-json\/wp\/v2\/posts\/14110","targetHints":{"allow":["GET"]}}],"collection":[{"href":"https:\/\/va361.com\/en\/wp-json\/wp\/v2\/posts"}],"about":[{"href":"https:\/\/va361.com\/en\/wp-json\/wp\/v2\/types\/post"}],"author":[{"embeddable":true,"href":"https:\/\/va361.com\/en\/wp-json\/wp\/v2\/users\/4"}],"replies":[{"embeddable":true,"href":"https:\/\/va361.com\/en\/wp-json\/wp\/v2\/comments?post=14110"}],"version-history":[{"count":62,"href":"https:\/\/va361.com\/en\/wp-json\/wp\/v2\/posts\/14110\/revisions"}],"predecessor-version":[{"id":14189,"href":"https:\/\/va361.com\/en\/wp-json\/wp\/v2\/posts\/14110\/revisions\/14189"}],"wp:featuredmedia":[{"embeddable":true,"href":"https:\/\/va361.com\/en\/wp-json\/wp\/v2\/media\/14182"}],"wp:attachment":[{"href":"https:\/\/va361.com\/en\/wp-json\/wp\/v2\/media?parent=14110"}],"wp:term":[{"taxonomy":"category","embeddable":true,"href":"https:\/\/va361.com\/en\/wp-json\/wp\/v2\/categories?post=14110"},{"taxonomy":"post_tag","embeddable":true,"href":"https:\/\/va361.com\/en\/wp-json\/wp\/v2\/tags?post=14110"}],"curies":[{"name":"wp","href":"https:\/\/api.w.org\/{rel}","templated":true}]}}