{"id":13513,"date":"2023-10-11T14:04:30","date_gmt":"2023-10-11T14:04:30","guid":{"rendered":"https:\/\/va361.com\/?p=13513"},"modified":"2024-06-12T14:15:45","modified_gmt":"2024-06-12T14:15:45","slug":"ami-lisbon","status":"publish","type":"post","link":"https:\/\/va361.com\/en\/blog\/ami-lisbon\/","title":{"rendered":"American Meetings INC \u2013 AMI \u2013 LISBON"},"content":{"rendered":"\t\t<div data-elementor-type=\"wp-post\" data-elementor-id=\"13513\" class=\"elementor elementor-13513\" data-elementor-post-type=\"post\">\n\t\t\t\t\t\t<section class=\"elementor-section elementor-top-section elementor-element elementor-element-89f0b23 elementor-section-stretched elementor-section-full_width elementor-section-height-min-height elementor-section-height-default elementor-section-items-middle\" data-id=\"89f0b23\" data-element_type=\"section\" data-e-type=\"section\" data-settings=\"{&quot;stretch_section&quot;:&quot;section-stretched&quot;}\">\n\t\t\t\t\t\t<div class=\"elementor-container elementor-column-gap-no\">\n\t\t\t\t\t<div class=\"elementor-column elementor-col-100 elementor-top-column elementor-element elementor-element-b0aa7ea\" data-id=\"b0aa7ea\" data-element_type=\"column\" data-e-type=\"column\">\n\t\t\t<div class=\"elementor-widget-wrap elementor-element-populated\">\n\t\t\t\t\t\t<div class=\"elementor-element elementor-element-ce19d5e elementor--h-position-center elementor--v-position-middle elementor-arrows-position-inside elementor-widget elementor-widget-slides\" data-id=\"ce19d5e\" data-element_type=\"widget\" data-e-type=\"widget\" data-settings=\"{&quot;navigation&quot;:&quot;arrows&quot;,&quot;transition&quot;:&quot;fade&quot;,&quot;autoplay&quot;:&quot;yes&quot;,&quot;pause_on_hover&quot;:&quot;yes&quot;,&quot;pause_on_interaction&quot;:&quot;yes&quot;,&quot;autoplay_speed&quot;:5000,&quot;infinite&quot;:&quot;yes&quot;,&quot;transition_speed&quot;:500}\" data-widget_type=\"slides.default\">\n\t\t\t\t<div class=\"elementor-widget-container\">\n\t\t\t\t\t\t\t\t\t<div class=\"elementor-swiper\">\n\t\t\t\t\t<div class=\"elementor-slides-wrapper elementor-main-swiper swiper\" role=\"region\" aria-roledescription=\"carousel\" aria-label=\"Slides\" dir=\"ltr\" data-animation=\"fadeInUp\">\n\t\t\t\t<div class=\"swiper-wrapper elementor-slides\">\n\t\t\t\t\t\t\t\t\t\t<div class=\"elementor-repeater-item-806689f swiper-slide\" role=\"group\" aria-roledescription=\"slide\"><div class=\"swiper-slide-bg elementor-ken-burns elementor-ken-burns--in\" role=\"img\" aria-label=\"Evento corporativo de la marca American Meetings INC en Lisboa\"><\/div><div class=\"swiper-slide-inner\" ><div class=\"swiper-slide-contents\"><\/div><\/div><\/div><div class=\"elementor-repeater-item-69eb1fa swiper-slide\" role=\"group\" aria-roledescription=\"slide\"><div class=\"swiper-slide-bg elementor-ken-burns elementor-ken-burns--in\" role=\"img\" aria-label=\"Evento corporativo de la marca American Meetings INC en Lisboa (3)\"><\/div><div class=\"swiper-slide-inner\" ><div class=\"swiper-slide-contents\"><\/div><\/div><\/div>\t\t\t\t<\/div>\n\t\t\t\t\t\t\t\t\t\t\t\t\t\t\t<div class=\"elementor-swiper-button elementor-swiper-button-prev\" role=\"button\" tabindex=\"0\" aria-label=\"Previous slide\">\n\t\t\t\t\t\t\t<i aria-hidden=\"true\" class=\"eicon-chevron-left\"><\/i>\t\t\t\t\t\t<\/div>\n\t\t\t\t\t\t<div class=\"elementor-swiper-button elementor-swiper-button-next\" role=\"button\" tabindex=\"0\" aria-label=\"Next slide\">\n\t\t\t\t\t\t\t<i aria-hidden=\"true\" class=\"eicon-chevron-right\"><\/i>\t\t\t\t\t\t<\/div>\n\t\t\t\t\t\t\t\t\t\t\t\t\t\t\t\t\t<\/div>\n\t\t\t\t<\/div>\n\t\t\t\t\t\t\t\t<\/div>\n\t\t\t\t<\/div>\n\t\t\t\t\t<\/div>\n\t\t<\/div>\n\t\t\t\t\t<\/div>\n\t\t<\/section>\n\t\t\t\t<section class=\"elementor-section elementor-top-section elementor-element elementor-element-e619b12 elementor-section-full_width elementor-section-stretched elementor-section-height-default elementor-section-height-default\" data-id=\"e619b12\" data-element_type=\"section\" data-e-type=\"section\" data-settings=\"{&quot;stretch_section&quot;:&quot;section-stretched&quot;,&quot;background_background&quot;:&quot;classic&quot;}\">\n\t\t\t\t\t\t<div class=\"elementor-container elementor-column-gap-default\">\n\t\t\t\t\t<div class=\"elementor-column elementor-col-50 elementor-top-column elementor-element elementor-element-e4188e3\" data-id=\"e4188e3\" data-element_type=\"column\" data-e-type=\"column\" data-settings=\"{&quot;background_background&quot;:&quot;classic&quot;}\">\n\t\t\t<div class=\"elementor-widget-wrap elementor-element-populated\">\n\t\t\t\t\t\t<div class=\"elementor-element elementor-element-3bf1da7 elementor-widget elementor-widget-heading\" data-id=\"3bf1da7\" data-element_type=\"widget\" data-e-type=\"widget\" data-widget_type=\"heading.default\">\n\t\t\t\t<div class=\"elementor-widget-container\">\n\t\t\t\t\t<h2 class=\"elementor-heading-title elementor-size-default\">AMERICAN MEETINGS INC<\/h2>\t\t\t\t<\/div>\n\t\t\t\t<\/div>\n\t\t\t\t<div class=\"elementor-element elementor-element-cc19d42 elementor-widget elementor-widget-text-editor\" data-id=\"cc19d42\" data-element_type=\"widget\" data-e-type=\"widget\" data-widget_type=\"text-editor.default\">\n\t\t\t\t<div class=\"elementor-widget-container\">\n\t\t\t\t\t\t\t\t\t<p><span style=\"font-size: 16px;\">Lisboa fue la localizaci\u00f3n elegida para el evento de la marca<\/span>\u00a0American Meetings INC<span style=\"font-size: 16px;\">. Durante dos d\u00edas se llevaron a cabo diferentes jornadas donde 100 personas pudieron renovar sus conocimientos y ponerse al d\u00eda de las nuevas tendencias del sector.<\/span><strong style=\"font-size: 16px;\">.<\/strong><\/p><p>Para este evento llevamos a cabo una producci\u00f3n t\u00e9cnica audiovisual de primer nivel que cumple con los m\u00e1s altos est\u00e1ndares de calidad y creatividad.\u00a0<\/p><div class=\"group w-full text-token-text-primary border-b border-black\/10 gizmo:border-0 dark:border-gray-900\/50 gizmo:dark:border-0 gizmo:bg-transparent dark:bg-gray-800 gizmo:dark:bg-transparent\" data-testid=\"conversation-turn-2\"><div class=\"p-4 justify-center text-base md:gap-6 md:py-6 m-auto\"><div class=\"flex flex-1 gap-4 text-base mx-auto md:gap-6 gizmo:gap-3 gizmo:md:px-5 gizmo:lg:px-1 gizmo:xl:px-5 md:max-w-2xl lg:max-w-[38rem] gizmo:md:max-w-3xl gizmo:lg:max-w-[40rem] gizmo:xl:max-w-[48rem] xl:max-w-3xl }\"><div class=\"relative flex w-[calc(100%-50px)] flex-col gap-1 gizmo:w-full md:gap-3 lg:w-[calc(100%-115px)] gizmo:text-gizmo-gray-600 gizmo:dark:text-gray-300\"><div class=\"flex flex-grow flex-col gap-3 max-w-full\"><div class=\"min-h-[20px] flex flex-col items-start gap-3 whitespace-pre-wrap break-words overflow-x-auto\"><div class=\"\">Servicios:\u00a0 Producci\u00f3n audiovisual integral, producci\u00f3n t\u00e9cnica, sonido, iluminaci\u00f3n, v\u00eddeo profesional, grabaci\u00f3n, realizaci\u00f3n y branding.<\/div><\/div><\/div><div class=\"text-gray-400 flex self-end lg:self-center justify-center gizmo:lg:justify-start mt-2 gizmo:mt-0 visible lg:gap-1 lg:absolute lg:top-0 lg:translate-x-full lg:right-0 lg:mt-0 lg:pl-2 gap-2 md:gap-3 gizmo:absolute gizmo:right-0 gizmo:top-1\/2 gizmo:-translate-y-1\/2 gizmo:transform\">\u00a0<\/div><\/div><\/div><\/div><\/div>\t\t\t\t\t\t\t\t<\/div>\n\t\t\t\t<\/div>\n\t\t\t\t\t<\/div>\n\t\t<\/div>\n\t\t\t\t<div class=\"elementor-column elementor-col-50 elementor-top-column elementor-element elementor-element-fa03601\" data-id=\"fa03601\" data-element_type=\"column\" data-e-type=\"column\" data-settings=\"{&quot;background_background&quot;:&quot;classic&quot;}\">\n\t\t\t<div class=\"elementor-widget-wrap elementor-element-populated\">\n\t\t\t\t\t\t\t<\/div>\n\t\t<\/div>\n\t\t\t\t\t<\/div>\n\t\t<\/section>\n\t\t\t\t<section class=\"elementor-section elementor-top-section elementor-element elementor-element-efe427c elementor-section-stretched elementor-section-full_width elementor-section-height-default elementor-section-height-default\" data-id=\"efe427c\" data-element_type=\"section\" data-e-type=\"section\" data-settings=\"{&quot;stretch_section&quot;:&quot;section-stretched&quot;}\">\n\t\t\t\t\t\t<div class=\"elementor-container elementor-column-gap-default\">\n\t\t\t\t\t<div class=\"elementor-column elementor-col-100 elementor-top-column elementor-element elementor-element-05d051b\" data-id=\"05d051b\" data-element_type=\"column\" data-e-type=\"column\">\n\t\t\t<div class=\"elementor-widget-wrap elementor-element-populated\">\n\t\t\t\t\t\t<div class=\"elementor-element elementor-element-8bb142c elementor-widget elementor-widget-text-editor\" data-id=\"8bb142c\" data-element_type=\"widget\" data-e-type=\"widget\" data-widget_type=\"text-editor.default\">\n\t\t\t\t<div class=\"elementor-widget-container\">\n\t\t\t\t\t\t\t\t\t\t\t<div data-elementor-type=\"section\" data-elementor-id=\"2707\" class=\"elementor elementor-2707\" data-elementor-post-type=\"elementor_library\">\n\t\t\t\t\t<section class=\"elementor-section elementor-top-section elementor-element elementor-element-174c0d3 elementor-section-stretched elementor-section-full_width elementor-section-height-default elementor-section-height-default\" data-id=\"174c0d3\" data-element_type=\"section\" data-e-type=\"section\" data-settings=\"{&quot;stretch_section&quot;:&quot;section-stretched&quot;}\">\n\t\t\t\t\t\t<div class=\"elementor-container elementor-column-gap-default\">\n\t\t\t\t\t<div class=\"elementor-column elementor-col-100 elementor-top-column elementor-element elementor-element-3ba5458\" data-id=\"3ba5458\" data-element_type=\"column\" data-e-type=\"column\">\n\t\t\t<div class=\"elementor-widget-wrap elementor-element-populated\">\n\t\t\t\t\t\t<div class=\"elementor-element elementor-element-1bcfa66 elementor-grid-5 elementor-grid-tablet-2 elementor-grid-mobile-1 elementor-posts--thumbnail-top elementor-card-shadow-yes elementor-posts__hover-gradient elementor-widget elementor-widget-posts\" data-id=\"1bcfa66\" data-element_type=\"widget\" data-e-type=\"widget\" data-settings=\"{&quot;cards_columns&quot;:&quot;5&quot;,&quot;cards_columns_tablet&quot;:&quot;2&quot;,&quot;cards_columns_mobile&quot;:&quot;1&quot;,&quot;cards_row_gap&quot;:{&quot;unit&quot;:&quot;px&quot;,&quot;size&quot;:35,&quot;sizes&quot;:[]},&quot;cards_row_gap_tablet&quot;:{&quot;unit&quot;:&quot;px&quot;,&quot;size&quot;:&quot;&quot;,&quot;sizes&quot;:[]},&quot;cards_row_gap_mobile&quot;:{&quot;unit&quot;:&quot;px&quot;,&quot;size&quot;:&quot;&quot;,&quot;sizes&quot;:[]}}\" data-widget_type=\"posts.cards\">\n\t\t\t\t<div class=\"elementor-widget-container\">\n\t\t\t\t\t\t\t<div class=\"elementor-posts-container elementor-posts elementor-posts--skin-cards elementor-grid\" role=\"list\">\n\t\t\t\t<article class=\"elementor-post elementor-grid-item post-8741 post type-post status-publish format-standard has-post-thumbnail hentry category-portafolio\" role=\"listitem\">\n\t\t\t<div class=\"elementor-post__card\">\n\t\t\t\t<a class=\"elementor-post__thumbnail__link\" href=\"https:\/\/va361.com\/en\/blog\/audi-gibraltar\/\" tabindex=\"-1\" ><div class=\"elementor-post__thumbnail\"><img fetchpriority=\"high\" decoding=\"async\" width=\"300\" height=\"169\" src=\"https:\/\/va361.com\/wp-content\/uploads\/Evento-corporativo-de-la-marca-AUDI-en-gibraltar-2-300x169.jpeg\" class=\"attachment-medium size-medium wp-image-8748\" alt=\"Evento corporativo de la marca AUDI en gibraltar (2)\" srcset=\"https:\/\/va361.com\/wp-content\/uploads\/Evento-corporativo-de-la-marca-AUDI-en-gibraltar-2-300x169.jpeg 300w, https:\/\/va361.com\/wp-content\/uploads\/Evento-corporativo-de-la-marca-AUDI-en-gibraltar-2-1024x576.jpeg 1024w, https:\/\/va361.com\/wp-content\/uploads\/Evento-corporativo-de-la-marca-AUDI-en-gibraltar-2-768x432.jpeg 768w, https:\/\/va361.com\/wp-content\/uploads\/Evento-corporativo-de-la-marca-AUDI-en-gibraltar-2-1536x864.jpeg 1536w, https:\/\/va361.com\/wp-content\/uploads\/Evento-corporativo-de-la-marca-AUDI-en-gibraltar-2-18x10.jpeg 18w, https:\/\/va361.com\/wp-content\/uploads\/Evento-corporativo-de-la-marca-AUDI-en-gibraltar-2.jpeg 1600w\" sizes=\"(max-width: 300px) 100vw, 300px\" \/><\/div><\/a>\n\t\t\t\t<div class=\"elementor-post__text\">\n\t\t\t\t<p class=\"elementor-post__title\">\n\t\t\t<a href=\"https:\/\/va361.com\/en\/blog\/audi-gibraltar\/\" >\n\t\t\t\tAUDI &#8211; GIBRALTAR\t\t\t<\/a>\n\t\t<\/p>\n\t\t\t\t<\/div>\n\t\t\t\t\t<\/div>\n\t\t<\/article>\n\t\t\t\t<article class=\"elementor-post elementor-grid-item post-8913 post type-post status-publish format-standard has-post-thumbnail hentry category-portafolio\" role=\"listitem\">\n\t\t\t<div class=\"elementor-post__card\">\n\t\t\t\t<a class=\"elementor-post__thumbnail__link\" href=\"https:\/\/va361.com\/en\/blog\/dell-boomi-portugal\/\" tabindex=\"-1\" ><div class=\"elementor-post__thumbnail\"><img decoding=\"async\" width=\"300\" height=\"225\" data-src=\"https:\/\/va361.com\/wp-content\/uploads\/Evento-corporativo-marca-Dell-Boomi-en-el-convento-do-carmo-de-portugal-8-300x225.jpg\" class=\"attachment-medium size-medium wp-image-8914 lazyload\" alt=\"Evento corporativo marca Dell Boomi en el convento do carmo de portugal\" src=\"data:image\/svg+xml;base64,PHN2ZyB3aWR0aD0iMSIgaGVpZ2h0PSIxIiB4bWxucz0iaHR0cDovL3d3dy53My5vcmcvMjAwMC9zdmciPjwvc3ZnPg==\" style=\"--smush-placeholder-width: 300px; --smush-placeholder-aspect-ratio: 300\/225;\" \/><\/div><\/a>\n\t\t\t\t<div class=\"elementor-post__text\">\n\t\t\t\t<p class=\"elementor-post__title\">\n\t\t\t<a href=\"https:\/\/va361.com\/en\/blog\/dell-boomi-portugal\/\" >\n\t\t\t\tDELL BOOMI &#8211; PORTUGAL\t\t\t<\/a>\n\t\t<\/p>\n\t\t\t\t<\/div>\n\t\t\t\t\t<\/div>\n\t\t<\/article>\n\t\t\t\t<article class=\"elementor-post elementor-grid-item post-5918 post type-post status-publish format-standard has-post-thumbnail hentry category-portafolio\" role=\"listitem\">\n\t\t\t<div class=\"elementor-post__card\">\n\t\t\t\t<a class=\"elementor-post__thumbnail__link\" href=\"https:\/\/va361.com\/en\/blog\/lexus-madrid\/\" tabindex=\"-1\" ><div class=\"elementor-post__thumbnail\"><img decoding=\"async\" width=\"300\" height=\"200\" data-src=\"https:\/\/va361.com\/wp-content\/uploads\/Presentacion-del-nuevo-modelo-de-Lexus-en-Madrid-VA-361-Productions-4-300x200.jpg\" class=\"attachment-medium size-medium wp-image-5922 lazyload\" alt=\"Presentaci\u00f3n del nuevo modelo de Lexus en Madrid VA 361 Productions\" data-srcset=\"https:\/\/va361.com\/wp-content\/uploads\/Presentacion-del-nuevo-modelo-de-Lexus-en-Madrid-VA-361-Productions-4-300x200.jpg 300w, https:\/\/va361.com\/wp-content\/uploads\/Presentacion-del-nuevo-modelo-de-Lexus-en-Madrid-VA-361-Productions-4-768x512.jpg 768w, https:\/\/va361.com\/wp-content\/uploads\/Presentacion-del-nuevo-modelo-de-Lexus-en-Madrid-VA-361-Productions-4-18x12.jpg 18w, https:\/\/va361.com\/wp-content\/uploads\/Presentacion-del-nuevo-modelo-de-Lexus-en-Madrid-VA-361-Productions-4.jpg 900w\" data-sizes=\"(max-width: 300px) 100vw, 300px\" src=\"data:image\/svg+xml;base64,PHN2ZyB3aWR0aD0iMSIgaGVpZ2h0PSIxIiB4bWxucz0iaHR0cDovL3d3dy53My5vcmcvMjAwMC9zdmciPjwvc3ZnPg==\" style=\"--smush-placeholder-width: 300px; --smush-placeholder-aspect-ratio: 300\/200;\" \/><\/div><\/a>\n\t\t\t\t<div class=\"elementor-post__text\">\n\t\t\t\t<p class=\"elementor-post__title\">\n\t\t\t<a href=\"https:\/\/va361.com\/en\/blog\/lexus-madrid\/\" >\n\t\t\t\tLEXUS &#8211; MADRID\t\t\t<\/a>\n\t\t<\/p>\n\t\t\t\t<\/div>\n\t\t\t\t\t<\/div>\n\t\t<\/article>\n\t\t\t\t<article class=\"elementor-post elementor-grid-item post-8392 post type-post status-publish format-standard has-post-thumbnail hentry category-portafolio\" role=\"listitem\">\n\t\t\t<div class=\"elementor-post__card\">\n\t\t\t\t<a class=\"elementor-post__thumbnail__link\" href=\"https:\/\/va361.com\/en\/blog\/ferrari-paris\/\" tabindex=\"-1\" ><div class=\"elementor-post__thumbnail\"><img decoding=\"async\" width=\"300\" height=\"169\" data-src=\"https:\/\/va361.com\/wp-content\/uploads\/Evento-corporativo-de-la-marca-ferrari-en-Paris-6-300x169.jpg\" class=\"attachment-medium size-medium wp-image-8393 lazyload\" alt=\"Evento corporativo de la marca ferrari en Paris\" data-srcset=\"https:\/\/va361.com\/wp-content\/uploads\/Evento-corporativo-de-la-marca-ferrari-en-Paris-6-300x169.jpg 300w, https:\/\/va361.com\/wp-content\/uploads\/Evento-corporativo-de-la-marca-ferrari-en-Paris-6-1024x576.jpg 1024w, https:\/\/va361.com\/wp-content\/uploads\/Evento-corporativo-de-la-marca-ferrari-en-Paris-6-768x432.jpg 768w, https:\/\/va361.com\/wp-content\/uploads\/Evento-corporativo-de-la-marca-ferrari-en-Paris-6-1536x864.jpg 1536w, https:\/\/va361.com\/wp-content\/uploads\/Evento-corporativo-de-la-marca-ferrari-en-Paris-6-18x10.jpg 18w, https:\/\/va361.com\/wp-content\/uploads\/Evento-corporativo-de-la-marca-ferrari-en-Paris-6.jpg 1600w\" data-sizes=\"(max-width: 300px) 100vw, 300px\" src=\"data:image\/svg+xml;base64,PHN2ZyB3aWR0aD0iMSIgaGVpZ2h0PSIxIiB4bWxucz0iaHR0cDovL3d3dy53My5vcmcvMjAwMC9zdmciPjwvc3ZnPg==\" style=\"--smush-placeholder-width: 300px; --smush-placeholder-aspect-ratio: 300\/169;\" \/><\/div><\/a>\n\t\t\t\t<div class=\"elementor-post__text\">\n\t\t\t\t<p class=\"elementor-post__title\">\n\t\t\t<a href=\"https:\/\/va361.com\/en\/blog\/ferrari-paris\/\" >\n\t\t\t\tFERRARI &#8211; PAR\u00cdS\t\t\t<\/a>\n\t\t<\/p>\n\t\t\t\t<\/div>\n\t\t\t\t\t<\/div>\n\t\t<\/article>\n\t\t\t\t<article class=\"elementor-post elementor-grid-item post-5700 post type-post status-publish format-standard has-post-thumbnail hentry category-portafolio\" role=\"listitem\">\n\t\t\t<div class=\"elementor-post__card\">\n\t\t\t\t<a class=\"elementor-post__thumbnail__link\" href=\"https:\/\/va361.com\/en\/blog\/virtuoso-symposium-amsterdam\/\" tabindex=\"-1\" ><div class=\"elementor-post__thumbnail\"><img decoding=\"async\" width=\"300\" height=\"146\" data-src=\"https:\/\/va361.com\/wp-content\/uploads\/VIRTUOSO-SYMPOSIUM-AMSTERDAM-2-300x146.jpg\" class=\"attachment-medium size-medium wp-image-5701 lazyload\" alt=\"VIRTUOSO SYMPOSIUM- AMSTERDAM\" data-srcset=\"https:\/\/va361.com\/wp-content\/uploads\/VIRTUOSO-SYMPOSIUM-AMSTERDAM-2-300x146.jpg 300w, https:\/\/va361.com\/wp-content\/uploads\/VIRTUOSO-SYMPOSIUM-AMSTERDAM-2-1024x498.jpg 1024w, https:\/\/va361.com\/wp-content\/uploads\/VIRTUOSO-SYMPOSIUM-AMSTERDAM-2-768x374.jpg 768w, https:\/\/va361.com\/wp-content\/uploads\/VIRTUOSO-SYMPOSIUM-AMSTERDAM-2-1536x747.jpg 1536w, https:\/\/va361.com\/wp-content\/uploads\/VIRTUOSO-SYMPOSIUM-AMSTERDAM-2-18x9.jpg 18w, https:\/\/va361.com\/wp-content\/uploads\/VIRTUOSO-SYMPOSIUM-AMSTERDAM-2.jpg 1560w\" data-sizes=\"(max-width: 300px) 100vw, 300px\" src=\"data:image\/svg+xml;base64,PHN2ZyB3aWR0aD0iMSIgaGVpZ2h0PSIxIiB4bWxucz0iaHR0cDovL3d3dy53My5vcmcvMjAwMC9zdmciPjwvc3ZnPg==\" style=\"--smush-placeholder-width: 300px; --smush-placeholder-aspect-ratio: 300\/146;\" \/><\/div><\/a>\n\t\t\t\t<div class=\"elementor-post__text\">\n\t\t\t\t<p class=\"elementor-post__title\">\n\t\t\t<a href=\"https:\/\/va361.com\/en\/blog\/virtuoso-symposium-amsterdam\/\" >\n\t\t\t\tVIRTUOSO SYMPOSIUM- AMSTERDAM\t\t\t<\/a>\n\t\t<\/p>\n\t\t\t\t<\/div>\n\t\t\t\t\t<\/div>\n\t\t<\/article>\n\t\t\t\t<\/div>\n\t\t\n\t\t\t\t\t\t<\/div>\n\t\t\t\t<\/div>\n\t\t\t\t\t<\/div>\n\t\t<\/div>\n\t\t\t\t\t<\/div>\n\t\t<\/section>\n\t\t\t\t<\/div>\n\t\t\t\t\t\t\t\t\t\t<\/div>\n\t\t\t\t<\/div>\n\t\t\t\t\t<\/div>\n\t\t<\/div>\n\t\t\t\t\t<\/div>\n\t\t<\/section>\n\t\t\t\t<\/div>\n\t\t","protected":false},"excerpt":{"rendered":"<p>Previous slide Next slide AMERICAN MEETINGS INC Lisboa fue la localizaci\u00f3n elegida para el evento de la marca\u00a0American Meetings INC. Durante dos d\u00edas se llevaron<\/p>","protected":false},"author":4,"featured_media":13514,"comment_status":"closed","ping_status":"open","sticky":false,"template":"elementor_header_footer","format":"standard","meta":{"_monsterinsights_skip_tracking":false,"_monsterinsights_sitenote_active":false,"_monsterinsights_sitenote_note":"","_monsterinsights_sitenote_category":0,"site-sidebar-layout":"no-sidebar","site-content-layout":"default","ast-global-header-display":"","ast-main-header-display":"","ast-hfb-above-header-display":"","ast-hfb-below-header-display":"","ast-hfb-mobile-header-display":"","site-post-title":"disabled","ast-breadcrumbs-content":"","ast-featured-img":"disabled","footer-sml-layout":"","theme-transparent-header-meta":"default","adv-header-id-meta":"","stick-header-meta":"default","header-above-stick-meta":"","header-main-stick-meta":"","header-below-stick-meta":"","footnotes":""},"categories":[8],"tags":[],"class_list":["post-13513","post","type-post","status-publish","format-standard","has-post-thumbnail","hentry","category-portafolio"],"yoast_head":"<!-- This site is optimized with the Yoast SEO plugin v28.3 - https:\/\/yoast.com\/product\/yoast-seo-wordpress\/ -->\n<title>Evento corporativo de la marca American Meetings INC en Lisboa<\/title>\n<meta name=\"description\" content=\"En VA 361 Productions llevamos a cabo la producci\u00f3n audiovisual integral del evento corporativo de American Meetings INC en Lisboa. \u00a1M\u00edralo!\" \/>\n<meta name=\"robots\" content=\"index, follow, max-snippet:-1, max-image-preview:large, max-video-preview:-1\" \/>\n<link rel=\"canonical\" href=\"https:\/\/va361.com\/en\/blog\/ami-lisbon\/\" \/>\n<meta property=\"og:locale\" content=\"en_GB\" \/>\n<meta property=\"og:type\" content=\"article\" \/>\n<meta property=\"og:title\" content=\"Evento corporativo de la marca American Meetings INC en Lisboa\" \/>\n<meta property=\"og:description\" content=\"En VA 361 Productions llevamos a cabo la producci\u00f3n audiovisual integral del evento corporativo de American Meetings INC en Lisboa. \u00a1M\u00edralo!\" \/>\n<meta property=\"og:url\" content=\"https:\/\/va361.com\/en\/blog\/ami-lisbon\/\" \/>\n<meta property=\"og:site_name\" content=\"VA 361 Productions\" \/>\n<meta property=\"article:published_time\" content=\"2023-10-11T14:04:30+00:00\" \/>\n<meta property=\"article:modified_time\" content=\"2024-06-12T14:15:45+00:00\" \/>\n<meta property=\"og:image\" content=\"https:\/\/va361.com\/wp-content\/uploads\/Evento-corporativo-de-la-marca-American-Meetings-INC-en-Lisboa.jpeg\" \/>\n\t<meta property=\"og:image:width\" content=\"1600\" \/>\n\t<meta property=\"og:image:height\" content=\"720\" \/>\n\t<meta property=\"og:image:type\" content=\"image\/jpeg\" \/>\n<meta name=\"author\" content=\"Dani VA361\" \/>\n<meta name=\"twitter:card\" content=\"summary_large_image\" \/>\n<meta name=\"twitter:label1\" content=\"Written by\" \/>\n\t<meta name=\"twitter:data1\" content=\"Dani VA361\" \/>\n\t<meta name=\"twitter:label2\" content=\"Estimated reading time\" \/>\n\t<meta name=\"twitter:data2\" content=\"3 minutes\" \/>\n<script type=\"application\/ld+json\" class=\"yoast-schema-graph\">{\"@context\":\"https:\\\/\\\/schema.org\",\"@graph\":[{\"@type\":\"Article\",\"@id\":\"https:\\\/\\\/va361.com\\\/blog\\\/ami-lisboa\\\/#article\",\"isPartOf\":{\"@id\":\"https:\\\/\\\/va361.com\\\/blog\\\/ami-lisboa\\\/\"},\"author\":{\"name\":\"Dani VA361\",\"@id\":\"https:\\\/\\\/va361.com\\\/#\\\/schema\\\/person\\\/5be700e7e4fdfcabbe36ce92f935845e\"},\"headline\":\"American Meetings INC &#8211; AMI &#8211; LISBOA\",\"datePublished\":\"2023-10-11T14:04:30+00:00\",\"dateModified\":\"2024-06-12T14:15:45+00:00\",\"mainEntityOfPage\":{\"@id\":\"https:\\\/\\\/va361.com\\\/blog\\\/ami-lisboa\\\/\"},\"wordCount\":107,\"publisher\":{\"@id\":\"https:\\\/\\\/va361.com\\\/#organization\"},\"image\":{\"@id\":\"https:\\\/\\\/va361.com\\\/blog\\\/ami-lisboa\\\/#primaryimage\"},\"thumbnailUrl\":\"https:\\\/\\\/va361.com\\\/wp-content\\\/uploads\\\/Evento-corporativo-de-la-marca-American-Meetings-INC-en-Lisboa.jpeg\",\"articleSection\":[\"portafolio\"],\"inLanguage\":\"en-GB\"},{\"@type\":\"WebPage\",\"@id\":\"https:\\\/\\\/va361.com\\\/blog\\\/ami-lisboa\\\/\",\"url\":\"https:\\\/\\\/va361.com\\\/blog\\\/ami-lisboa\\\/\",\"name\":\"Evento corporativo de la marca American Meetings INC en Lisboa\",\"isPartOf\":{\"@id\":\"https:\\\/\\\/va361.com\\\/#website\"},\"primaryImageOfPage\":{\"@id\":\"https:\\\/\\\/va361.com\\\/blog\\\/ami-lisboa\\\/#primaryimage\"},\"image\":{\"@id\":\"https:\\\/\\\/va361.com\\\/blog\\\/ami-lisboa\\\/#primaryimage\"},\"thumbnailUrl\":\"https:\\\/\\\/va361.com\\\/wp-content\\\/uploads\\\/Evento-corporativo-de-la-marca-American-Meetings-INC-en-Lisboa.jpeg\",\"datePublished\":\"2023-10-11T14:04:30+00:00\",\"dateModified\":\"2024-06-12T14:15:45+00:00\",\"description\":\"En VA 361 Productions llevamos a cabo la producci\u00f3n audiovisual integral del evento corporativo de American Meetings INC en Lisboa. \u00a1M\u00edralo!\",\"breadcrumb\":{\"@id\":\"https:\\\/\\\/va361.com\\\/blog\\\/ami-lisboa\\\/#breadcrumb\"},\"inLanguage\":\"en-GB\",\"potentialAction\":[{\"@type\":\"ReadAction\",\"target\":[\"https:\\\/\\\/va361.com\\\/blog\\\/ami-lisboa\\\/\"]}]},{\"@type\":\"ImageObject\",\"inLanguage\":\"en-GB\",\"@id\":\"https:\\\/\\\/va361.com\\\/blog\\\/ami-lisboa\\\/#primaryimage\",\"url\":\"https:\\\/\\\/va361.com\\\/wp-content\\\/uploads\\\/Evento-corporativo-de-la-marca-American-Meetings-INC-en-Lisboa.jpeg\",\"contentUrl\":\"https:\\\/\\\/va361.com\\\/wp-content\\\/uploads\\\/Evento-corporativo-de-la-marca-American-Meetings-INC-en-Lisboa.jpeg\",\"width\":1600,\"height\":720,\"caption\":\"Evento corporativo de la marca American Meetings INC en Lisboa\"},{\"@type\":\"BreadcrumbList\",\"@id\":\"https:\\\/\\\/va361.com\\\/blog\\\/ami-lisboa\\\/#breadcrumb\",\"itemListElement\":[{\"@type\":\"ListItem\",\"position\":1,\"name\":\"Portada\",\"item\":\"https:\\\/\\\/va361.com\\\/\"},{\"@type\":\"ListItem\",\"position\":2,\"name\":\"American Meetings INC &#8211; AMI &#8211; LISBOA\"}]},{\"@type\":\"WebSite\",\"@id\":\"https:\\\/\\\/va361.com\\\/#website\",\"url\":\"https:\\\/\\\/va361.com\\\/\",\"name\":\"VA 361 Productions\",\"description\":\"Producci\u00f3n audiovisual para eventos\",\"publisher\":{\"@id\":\"https:\\\/\\\/va361.com\\\/#organization\"},\"potentialAction\":[{\"@type\":\"SearchAction\",\"target\":{\"@type\":\"EntryPoint\",\"urlTemplate\":\"https:\\\/\\\/va361.com\\\/?s={search_term_string}\"},\"query-input\":{\"@type\":\"PropertyValueSpecification\",\"valueRequired\":true,\"valueName\":\"search_term_string\"}}],\"inLanguage\":\"en-GB\"},{\"@type\":\"Organization\",\"@id\":\"https:\\\/\\\/va361.com\\\/#organization\",\"name\":\"VA 361 Productions\",\"alternateName\":\"VA361\",\"url\":\"https:\\\/\\\/va361.com\\\/\",\"logo\":{\"@type\":\"ImageObject\",\"inLanguage\":\"en-GB\",\"@id\":\"https:\\\/\\\/va361.com\\\/#\\\/schema\\\/logo\\\/image\\\/\",\"url\":\"https:\\\/\\\/va361.com\\\/wp-content\\\/uploads\\\/cropped-logo-horizontal.png\",\"contentUrl\":\"https:\\\/\\\/va361.com\\\/wp-content\\\/uploads\\\/cropped-logo-horizontal.png\",\"width\":400,\"height\":60,\"caption\":\"VA 361 Productions\"},\"image\":{\"@id\":\"https:\\\/\\\/va361.com\\\/#\\\/schema\\\/logo\\\/image\\\/\"},\"employee\":{\"@id\":\"https:\\\/\\\/danielpycock.com\\\/#person\"}},{\"@type\":\"Person\",\"@id\":\"https:\\\/\\\/va361.com\\\/#\\\/schema\\\/person\\\/5be700e7e4fdfcabbe36ce92f935845e\",\"name\":\"Dani VA361\",\"image\":{\"@type\":\"ImageObject\",\"inLanguage\":\"en-GB\",\"@id\":\"https:\\\/\\\/secure.gravatar.com\\\/avatar\\\/4c74de7617bf107c4ca2d99e7ffb5e45f273029ac1669e01c52b41be9bb9bbc4?s=96&d=mm&r=g\",\"url\":\"https:\\\/\\\/secure.gravatar.com\\\/avatar\\\/4c74de7617bf107c4ca2d99e7ffb5e45f273029ac1669e01c52b41be9bb9bbc4?s=96&d=mm&r=g\",\"contentUrl\":\"https:\\\/\\\/secure.gravatar.com\\\/avatar\\\/4c74de7617bf107c4ca2d99e7ffb5e45f273029ac1669e01c52b41be9bb9bbc4?s=96&d=mm&r=g\",\"caption\":\"Dani VA361\"},\"sameAs\":[\"hola@danielmartel.com\"]}]}<\/script>\n<!-- \/ Yoast SEO plugin. -->","yoast_head_json":{"title":"Corporate event of the American Meetings INC brand in Lisbon","description":"At VA 361 Productions we carried out the complete audiovisual production of American Meetings INC's corporate event in Lisbon. Check it out!","robots":{"index":"index","follow":"follow","max-snippet":"max-snippet:-1","max-image-preview":"max-image-preview:large","max-video-preview":"max-video-preview:-1"},"canonical":"https:\/\/va361.com\/en\/blog\/ami-lisbon\/","og_locale":"en_GB","og_type":"article","og_title":"Evento corporativo de la marca American Meetings INC en Lisboa","og_description":"En VA 361 Productions llevamos a cabo la producci\u00f3n audiovisual integral del evento corporativo de American Meetings INC en Lisboa. \u00a1M\u00edralo!","og_url":"https:\/\/va361.com\/en\/blog\/ami-lisbon\/","og_site_name":"VA 361 Productions","article_published_time":"2023-10-11T14:04:30+00:00","article_modified_time":"2024-06-12T14:15:45+00:00","og_image":[{"width":1600,"height":720,"url":"https:\/\/va361.com\/wp-content\/uploads\/Evento-corporativo-de-la-marca-American-Meetings-INC-en-Lisboa.jpeg","type":"image\/jpeg"}],"author":"Dani VA361","twitter_card":"summary_large_image","twitter_misc":{"Written by":"Dani VA361","Estimated reading time":"3 minutes"},"schema":{"@context":"https:\/\/schema.org","@graph":[{"@type":"Article","@id":"https:\/\/va361.com\/blog\/ami-lisboa\/#article","isPartOf":{"@id":"https:\/\/va361.com\/blog\/ami-lisboa\/"},"author":{"name":"Dani VA361","@id":"https:\/\/va361.com\/#\/schema\/person\/5be700e7e4fdfcabbe36ce92f935845e"},"headline":"American Meetings INC &#8211; AMI &#8211; LISBOA","datePublished":"2023-10-11T14:04:30+00:00","dateModified":"2024-06-12T14:15:45+00:00","mainEntityOfPage":{"@id":"https:\/\/va361.com\/blog\/ami-lisboa\/"},"wordCount":107,"publisher":{"@id":"https:\/\/va361.com\/#organization"},"image":{"@id":"https:\/\/va361.com\/blog\/ami-lisboa\/#primaryimage"},"thumbnailUrl":"https:\/\/va361.com\/wp-content\/uploads\/Evento-corporativo-de-la-marca-American-Meetings-INC-en-Lisboa.jpeg","articleSection":["portafolio"],"inLanguage":"en-GB"},{"@type":"WebPage","@id":"https:\/\/va361.com\/blog\/ami-lisboa\/","url":"https:\/\/va361.com\/blog\/ami-lisboa\/","name":"Corporate event of the American Meetings INC brand in Lisbon","isPartOf":{"@id":"https:\/\/va361.com\/#website"},"primaryImageOfPage":{"@id":"https:\/\/va361.com\/blog\/ami-lisboa\/#primaryimage"},"image":{"@id":"https:\/\/va361.com\/blog\/ami-lisboa\/#primaryimage"},"thumbnailUrl":"https:\/\/va361.com\/wp-content\/uploads\/Evento-corporativo-de-la-marca-American-Meetings-INC-en-Lisboa.jpeg","datePublished":"2023-10-11T14:04:30+00:00","dateModified":"2024-06-12T14:15:45+00:00","description":"At VA 361 Productions we carried out the complete audiovisual production of American Meetings INC's corporate event in Lisbon. Check it out!","breadcrumb":{"@id":"https:\/\/va361.com\/blog\/ami-lisboa\/#breadcrumb"},"inLanguage":"en-GB","potentialAction":[{"@type":"ReadAction","target":["https:\/\/va361.com\/blog\/ami-lisboa\/"]}]},{"@type":"ImageObject","inLanguage":"en-GB","@id":"https:\/\/va361.com\/blog\/ami-lisboa\/#primaryimage","url":"https:\/\/va361.com\/wp-content\/uploads\/Evento-corporativo-de-la-marca-American-Meetings-INC-en-Lisboa.jpeg","contentUrl":"https:\/\/va361.com\/wp-content\/uploads\/Evento-corporativo-de-la-marca-American-Meetings-INC-en-Lisboa.jpeg","width":1600,"height":720,"caption":"Evento corporativo de la marca American Meetings INC en Lisboa"},{"@type":"BreadcrumbList","@id":"https:\/\/va361.com\/blog\/ami-lisboa\/#breadcrumb","itemListElement":[{"@type":"ListItem","position":1,"name":"Portada","item":"https:\/\/va361.com\/"},{"@type":"ListItem","position":2,"name":"American Meetings INC &#8211; AMI &#8211; LISBOA"}]},{"@type":"WebSite","@id":"https:\/\/va361.com\/#website","url":"https:\/\/va361.com\/","name":"VA 361 Productions","description":"Audiovisual production for events","publisher":{"@id":"https:\/\/va361.com\/#organization"},"potentialAction":[{"@type":"SearchAction","target":{"@type":"EntryPoint","urlTemplate":"https:\/\/va361.com\/?s={search_term_string}"},"query-input":{"@type":"PropertyValueSpecification","valueRequired":true,"valueName":"search_term_string"}}],"inLanguage":"en-GB"},{"@type":"Organization","@id":"https:\/\/va361.com\/#organization","name":"VA 361 Productions","alternateName":"VA361","url":"https:\/\/va361.com\/","logo":{"@type":"ImageObject","inLanguage":"en-GB","@id":"https:\/\/va361.com\/#\/schema\/logo\/image\/","url":"https:\/\/va361.com\/wp-content\/uploads\/cropped-logo-horizontal.png","contentUrl":"https:\/\/va361.com\/wp-content\/uploads\/cropped-logo-horizontal.png","width":400,"height":60,"caption":"VA 361 Productions"},"image":{"@id":"https:\/\/va361.com\/#\/schema\/logo\/image\/"},"employee":{"@id":"https:\/\/danielpycock.com\/#person"}},{"@type":"Person","@id":"https:\/\/va361.com\/#\/schema\/person\/5be700e7e4fdfcabbe36ce92f935845e","name":"Dani VA361","image":{"@type":"ImageObject","inLanguage":"en-GB","@id":"https:\/\/secure.gravatar.com\/avatar\/4c74de7617bf107c4ca2d99e7ffb5e45f273029ac1669e01c52b41be9bb9bbc4?s=96&d=mm&r=g","url":"https:\/\/secure.gravatar.com\/avatar\/4c74de7617bf107c4ca2d99e7ffb5e45f273029ac1669e01c52b41be9bb9bbc4?s=96&d=mm&r=g","contentUrl":"https:\/\/secure.gravatar.com\/avatar\/4c74de7617bf107c4ca2d99e7ffb5e45f273029ac1669e01c52b41be9bb9bbc4?s=96&d=mm&r=g","caption":"Dani VA361"},"sameAs":["hola@danielmartel.com"]}]}},"_links":{"self":[{"href":"https:\/\/va361.com\/en\/wp-json\/wp\/v2\/posts\/13513","targetHints":{"allow":["GET"]}}],"collection":[{"href":"https:\/\/va361.com\/en\/wp-json\/wp\/v2\/posts"}],"about":[{"href":"https:\/\/va361.com\/en\/wp-json\/wp\/v2\/types\/post"}],"author":[{"embeddable":true,"href":"https:\/\/va361.com\/en\/wp-json\/wp\/v2\/users\/4"}],"replies":[{"embeddable":true,"href":"https:\/\/va361.com\/en\/wp-json\/wp\/v2\/comments?post=13513"}],"version-history":[{"count":4,"href":"https:\/\/va361.com\/en\/wp-json\/wp\/v2\/posts\/13513\/revisions"}],"predecessor-version":[{"id":13520,"href":"https:\/\/va361.com\/en\/wp-json\/wp\/v2\/posts\/13513\/revisions\/13520"}],"wp:featuredmedia":[{"embeddable":true,"href":"https:\/\/va361.com\/en\/wp-json\/wp\/v2\/media\/13514"}],"wp:attachment":[{"href":"https:\/\/va361.com\/en\/wp-json\/wp\/v2\/media?parent=13513"}],"wp:term":[{"taxonomy":"category","embeddable":true,"href":"https:\/\/va361.com\/en\/wp-json\/wp\/v2\/categories?post=13513"},{"taxonomy":"post_tag","embeddable":true,"href":"https:\/\/va361.com\/en\/wp-json\/wp\/v2\/tags?post=13513"}],"curies":[{"name":"wp","href":"https:\/\/api.w.org\/{rel}","templated":true}]}}